{"id":2480,"date":"2025-12-05T12:18:56","date_gmt":"2025-12-05T12:18:56","guid":{"rendered":"https:\/\/radiocomercial.cv\/?p=2480"},"modified":"2025-12-05T12:18:58","modified_gmt":"2025-12-05T12:18:58","slug":"bcv-lanca-moeda-comemorativa-de-500-escudos-pelos-50-anos-da-sua-criacao","status":"publish","type":"post","link":"https:\/\/radiocomercial.cv\/?p=2480","title":{"rendered":"BCV lan\u00e7a moeda comemorativa de 500 escudos pelos 50 anos da sua cria\u00e7\u00e3o"},"content":{"rendered":"\n<p><strong>O Banco de Cabo Verde (BCV) colocou hoje em circula\u00e7\u00e3o uma moeda comemorativa de 500 escudos, assinalando os cinquenta anos da cria\u00e7\u00e3o da institui\u00e7\u00e3o.<\/strong><\/p>\n\n\n\n<p>Segundo um comunicado do Banco Central, a nova moeda ser\u00e1 disponibilizada em tr\u00eas edi\u00e7\u00f5es sendo um em acabamento normal, Brilhante N\u00e3o Circulada e Prova Numism\u00e1tica (ouro e prata, em vers\u00e3o proof).<\/p>\n\n\n\n<p>Em todas as moedas, tanto o anverso como o reverso reflectem a evolu\u00e7\u00e3o institucional e o refor\u00e7o do papel do BCV enquanto garante da estabilidade, da soberania monet\u00e1ria e da inclus\u00e3o financeira.<\/p>\n\n\n\n<p>O BCV informa que no anverso, destacam-se as inscri\u00e7\u00f5es \u201cBANCO DE CABO VERDE\u201d e \u201c50 ANOS DE CRESCIMENTO E ESTABILIDADE\u201d, apresentadas em tipografia cl\u00e1ssica e caixa alta, harmoniosamente distribu\u00eddas ao redor da coroa circular.<\/p>\n\n\n\n<p>Ao centro, surge uma composi\u00e7\u00e3o gr\u00e1fica que re\u00fane os diferentes edif\u00edcios-sede do BCV ao longo das \u00faltimas cinco d\u00e9cadas, evidenciando a evolu\u00e7\u00e3o arquitect\u00f3nica e institucional da entidade.<\/p>\n\n\n\n<p>J\u00e1 o reverso apresenta igualmente uma coroa circular, onde figuram as datas 1975 e 2025, separadas pelas tr\u00eas argolas inspiradas nas Armas da Rep\u00fablica e estrategicamente posicionadas, simbolizando a traject\u00f3ria hist\u00f3rica do Banco de Cabo Verde.<\/p>\n\n\n\n<p>A metade direita \u00e9 preenchida por uma representa\u00e7\u00e3o do Pano di Terra, tecido tradicional outrora utilizado como forma de pagamento.<\/p>\n\n\n\n<p>O valor facial da moeda surge em destaque, acompanhado por \u00edcones que remetem para diferentes formas de pagamento: uma carteira com notas, cart\u00f5es banc\u00e1rios, um computador representando pagamentos online e o s\u00edmbolo de uma moeda digital de banco central, refer\u00eancia ao futuro, \u00e0 inova\u00e7\u00e3o e \u00e0 adapta\u00e7\u00e3o tecnol\u00f3gica, avan\u00e7a Expresso das ilhas.<\/p>\n\n\n\n<p>Ao centro do reverso, encontram-se ainda as Armas da Rep\u00fablica de Cabo Verde, gravadas em alto-relevo, com todos os elementos do bras\u00e3o nacional &#8211; o escudo, a esfera armilar, os ramos de oliveira e a inscri\u00e7\u00e3o \u201cRep\u00fablica de Cabo Verde\u201d.<\/p>\n","protected":false},"excerpt":{"rendered":"<p>O Banco de Cabo Verde (BCV) colocou hoje em circula\u00e7\u00e3o uma moeda comemorativa de 500 escudos, assinalando os cinquenta anos da cria\u00e7\u00e3o da institui\u00e7\u00e3o. Segundo um comunicado do Banco Central, a nova moeda ser\u00e1 disponibilizada em tr\u00eas edi\u00e7\u00f5es sendo um em acabamento normal, Brilhante N\u00e3o Circulada e Prova Numism\u00e1tica (ouro e prata, em vers\u00e3o proof).<br \/><a class=\"moretag\" href=\"https:\/\/radiocomercial.cv\/?p=2480\">+ Read More<\/a><\/p>\n","protected":false},"author":2,"featured_media":2481,"comment_status":"open","ping_status":"open","sticky":false,"template":"","format":"standard","meta":{"footnotes":""},"categories":[6],"tags":[],"class_list":["post-2480","post","type-post","status-publish","format-standard","has-post-thumbnail","hentry","category-noticias"],"featured_image_src":"https:\/\/radiocomercial.cv\/wp-content\/uploads\/2025\/12\/BCV-lanca-moeda-comemorativa-de-500-escudos-pelos-50-anos-da-sua-criacao-2025.jpeg","featured_image_src_square":"https:\/\/radiocomercial.cv\/wp-content\/uploads\/2025\/12\/BCV-lanca-moeda-comemorativa-de-500-escudos-pelos-50-anos-da-sua-criacao-2025.jpeg","author_info":{"display_name":"Radio Comercial","author_link":"https:\/\/radiocomercial.cv\/?author=2"},"rbea_author_info":{"display_name":"Radio Comercial","author_link":"https:\/\/radiocomercial.cv\/?author=2"},"rbea_excerpt_info":"O Banco de Cabo Verde (BCV) colocou hoje em circula\u00e7\u00e3o uma moeda comemorativa de 500 escudos, assinalando os cinquenta anos da cria\u00e7\u00e3o da institui\u00e7\u00e3o. Segundo um comunicado do Banco Central, a nova moeda ser\u00e1 disponibilizada em tr\u00eas edi\u00e7\u00f5es sendo um em acabamento normal, Brilhante N\u00e3o Circulada e Prova Numism\u00e1tica (ouro e prata, em vers\u00e3o proof).<br><a class=\"moretag\" href=\"https:\/\/radiocomercial.cv\/?p=2480\">+ Read More<\/a>","category_list":"<a href=\"https:\/\/radiocomercial.cv\/?cat=6\" rel=\"category\">Noticias<\/a>","comments_num":"0 comments","_links":{"self":[{"href":"https:\/\/radiocomercial.cv\/index.php?rest_route=\/wp\/v2\/posts\/2480","targetHints":{"allow":["GET"]}}],"collection":[{"href":"https:\/\/radiocomercial.cv\/index.php?rest_route=\/wp\/v2\/posts"}],"about":[{"href":"https:\/\/radiocomercial.cv\/index.php?rest_route=\/wp\/v2\/types\/post"}],"author":[{"embeddable":true,"href":"https:\/\/radiocomercial.cv\/index.php?rest_route=\/wp\/v2\/users\/2"}],"replies":[{"embeddable":true,"href":"https:\/\/radiocomercial.cv\/index.php?rest_route=%2Fwp%2Fv2%2Fcomments&post=2480"}],"version-history":[{"count":1,"href":"https:\/\/radiocomercial.cv\/index.php?rest_route=\/wp\/v2\/posts\/2480\/revisions"}],"predecessor-version":[{"id":2482,"href":"https:\/\/radiocomercial.cv\/index.php?rest_route=\/wp\/v2\/posts\/2480\/revisions\/2482"}],"wp:featuredmedia":[{"embeddable":true,"href":"https:\/\/radiocomercial.cv\/index.php?rest_route=\/wp\/v2\/media\/2481"}],"wp:attachment":[{"href":"https:\/\/radiocomercial.cv\/index.php?rest_route=%2Fwp%2Fv2%2Fmedia&parent=2480"}],"wp:term":[{"taxonomy":"category","embeddable":true,"href":"https:\/\/radiocomercial.cv\/index.php?rest_route=%2Fwp%2Fv2%2Fcategories&post=2480"},{"taxonomy":"post_tag","embeddable":true,"href":"https:\/\/radiocomercial.cv\/index.php?rest_route=%2Fwp%2Fv2%2Ftags&post=2480"}],"curies":[{"name":"wp","href":"https:\/\/api.w.org\/{rel}","templated":true}]}}