{"id":2483,"date":"2025-12-08T16:19:14","date_gmt":"2025-12-08T16:19:14","guid":{"rendered":"https:\/\/radiocomercial.cv\/?p=2483"},"modified":"2025-12-08T16:19:16","modified_gmt":"2025-12-08T16:19:16","slug":"cabo-verde-conquista-dois-premio-no-ecofest-em-dakar","status":"publish","type":"post","link":"https:\/\/radiocomercial.cv\/?p=2483","title":{"rendered":"Cabo Verde conquista dois pr\u00e9mio no ECOFEST, em Dakar"},"content":{"rendered":"\n<p><strong>No \u00e2mbito da 1\u00aa edi\u00e7\u00e3o do Festival de Artes e Cultura da \u00c1frica Ocidental (ECOFEST), que decorreu de 30 de Novembro a 6 de Dezembro, em Dakar, Cabo Verde conseguiu dois pr\u00e9mios.<\/strong><\/p>\n\n\n\n<p>Cabo Verde conseguiu o segundo lugar em escultura, por Davidson de Almeida e Dervander da Cruz Silva, e terceiro lugar em fotografia com \u00c9der Martins.\u00a0<\/p>\n\n\n\n<p>O concurso no ECOFEST contou com a participa\u00e7\u00e3o de todos os pa\u00edses presentes.\u00a0O\u00a0nosso pa\u00eds,\u00a0esteve neste evento com uma delega\u00e7\u00e3o constitu\u00edda por 23 participantes e integrou representantes de v\u00e1rias express\u00f5es art\u00edsticas, nomeadamente escultura, pintura, fotografia, Kola San Jon, Batuco e startup, avan\u00e7a Expresso das ilhas.<\/p>\n\n\n\n<p>A edi\u00e7\u00e3o Dakar foi co-organizada pelas Comiss\u00f5es da CEDEAO e da UEMOA, em parceria com a Rep\u00fablica do Senegal, sob o tema \u201cMudan\u00e7as pol\u00edticas e crises: o que pode a cultura fazer?\u201d<\/p>\n\n\n\n<p>O ECOFEST\u2013Dakar 2025 destaca as express\u00f5es culturais ricas e diversas da \u00c1frica Ocidental e promove a livre circula\u00e7\u00e3o de pessoas, bens e servi\u00e7os culturais.<\/p>\n","protected":false},"excerpt":{"rendered":"<p>No \u00e2mbito da 1\u00aa edi\u00e7\u00e3o do Festival de Artes e Cultura da \u00c1frica Ocidental (ECOFEST), que decorreu de 30 de Novembro a 6 de Dezembro, em Dakar, Cabo Verde conseguiu dois pr\u00e9mios. Cabo Verde conseguiu o segundo lugar em escultura, por Davidson de Almeida e Dervander da Cruz Silva, e terceiro lugar em fotografia com<br \/><a class=\"moretag\" href=\"https:\/\/radiocomercial.cv\/?p=2483\">+ Read More<\/a><\/p>\n","protected":false},"author":2,"featured_media":2484,"comment_status":"open","ping_status":"open","sticky":false,"template":"","format":"standard","meta":{"footnotes":""},"categories":[6],"tags":[],"class_list":["post-2483","post","type-post","status-publish","format-standard","has-post-thumbnail","hentry","category-noticias"],"featured_image_src":"https:\/\/radiocomercial.cv\/wp-content\/uploads\/2025\/12\/Cabo-Verde-conquista-dois-premio-no-ECOFEST-Dakar-2025.jpeg","featured_image_src_square":"https:\/\/radiocomercial.cv\/wp-content\/uploads\/2025\/12\/Cabo-Verde-conquista-dois-premio-no-ECOFEST-Dakar-2025.jpeg","author_info":{"display_name":"Radio Comercial","author_link":"https:\/\/radiocomercial.cv\/?author=2"},"rbea_author_info":{"display_name":"Radio Comercial","author_link":"https:\/\/radiocomercial.cv\/?author=2"},"rbea_excerpt_info":"No \u00e2mbito da 1\u00aa edi\u00e7\u00e3o do Festival de Artes e Cultura da \u00c1frica Ocidental (ECOFEST), que decorreu de 30 de Novembro a 6 de Dezembro, em Dakar, Cabo Verde conseguiu dois pr\u00e9mios. Cabo Verde conseguiu o segundo lugar em escultura, por Davidson de Almeida e Dervander da Cruz Silva, e terceiro lugar em fotografia com<br><a class=\"moretag\" href=\"https:\/\/radiocomercial.cv\/?p=2483\">+ Read More<\/a>","category_list":"<a href=\"https:\/\/radiocomercial.cv\/?cat=6\" rel=\"category\">Noticias<\/a>","comments_num":"0 comments","_links":{"self":[{"href":"https:\/\/radiocomercial.cv\/index.php?rest_route=\/wp\/v2\/posts\/2483","targetHints":{"allow":["GET"]}}],"collection":[{"href":"https:\/\/radiocomercial.cv\/index.php?rest_route=\/wp\/v2\/posts"}],"about":[{"href":"https:\/\/radiocomercial.cv\/index.php?rest_route=\/wp\/v2\/types\/post"}],"author":[{"embeddable":true,"href":"https:\/\/radiocomercial.cv\/index.php?rest_route=\/wp\/v2\/users\/2"}],"replies":[{"embeddable":true,"href":"https:\/\/radiocomercial.cv\/index.php?rest_route=%2Fwp%2Fv2%2Fcomments&post=2483"}],"version-history":[{"count":1,"href":"https:\/\/radiocomercial.cv\/index.php?rest_route=\/wp\/v2\/posts\/2483\/revisions"}],"predecessor-version":[{"id":2485,"href":"https:\/\/radiocomercial.cv\/index.php?rest_route=\/wp\/v2\/posts\/2483\/revisions\/2485"}],"wp:featuredmedia":[{"embeddable":true,"href":"https:\/\/radiocomercial.cv\/index.php?rest_route=\/wp\/v2\/media\/2484"}],"wp:attachment":[{"href":"https:\/\/radiocomercial.cv\/index.php?rest_route=%2Fwp%2Fv2%2Fmedia&parent=2483"}],"wp:term":[{"taxonomy":"category","embeddable":true,"href":"https:\/\/radiocomercial.cv\/index.php?rest_route=%2Fwp%2Fv2%2Fcategories&post=2483"},{"taxonomy":"post_tag","embeddable":true,"href":"https:\/\/radiocomercial.cv\/index.php?rest_route=%2Fwp%2Fv2%2Ftags&post=2483"}],"curies":[{"name":"wp","href":"https:\/\/api.w.org\/{rel}","templated":true}]}}