{"id":2487,"date":"2025-12-08T16:32:36","date_gmt":"2025-12-08T16:32:36","guid":{"rendered":"https:\/\/radiocomercial.cv\/?p=2487"},"modified":"2025-12-08T16:32:38","modified_gmt":"2025-12-08T16:32:38","slug":"4a-edicao-do-premio-scm-com-votacao-aberta-ate-dia-12-de-dezembro","status":"publish","type":"post","link":"https:\/\/radiocomercial.cv\/?p=2487","title":{"rendered":"4\u00aa Edi\u00e7\u00e3o do pr\u00e9mio SCM com vota\u00e7\u00e3o aberta at\u00e9 dia 12 de Dezembro"},"content":{"rendered":"\n<p><strong>A Sociedade Cabo-Verdiana de M\u00fasica avisa todos os seus membros que a vota\u00e7\u00e3o para a 4\u00aa Edi\u00e7\u00e3o do Pr\u00e9mio SCM come\u00e7a esta segunda-feira, 08, e vai at\u00e9 sexta-feira, dia 12 deste m\u00eas. A vota\u00e7\u00e3o pode ser feita no Portal de Autores e Artistas www.scm.cv.<\/strong><\/p>\n\n\n\n<p>Numa confer\u00eancia de imprensa realizada esta segunda-feira, a SCM avisa que as vota\u00e7\u00f5es dispon\u00edveis abrangem os titulares das obras musicais nas categorias de Melhor M\u00fasica Tradicional e Cl\u00e1ssica; Melhor M\u00fasica Moderna e Urbana;&nbsp;Pr\u00e9mio Carreira e&nbsp;Pr\u00e9mio Utilizador Guardi\u00e3o.&nbsp;<\/p>\n\n\n\n<p>Para o Pr\u00e9mio Carreira da 4\u00aa edi\u00e7\u00e3o ser\u00e1 escolhido na Assembleia Extraordin\u00e1ria da SCM, e o Pr\u00e9mio Utilizador Guardi\u00e3o ser\u00e1 decidido numa reuni\u00e3o do \u00d3rg\u00e3o Diretivo, em concerta\u00e7\u00e3o com o Departamento de Licen\u00e7a.<\/p>\n\n\n\n<p>Os premiados ser\u00e3o membros da SCM (autores, compositores, int\u00e9rpretes, m\u00fasicos, arranjadores e produtores fonogr\u00e1ficos), extensivo a utilizadores, os quais, sendo copyright Friendly.<\/p>\n\n\n\n<p>A 4\u00aa edi\u00e7\u00e3o da Gala de Pr\u00e9mio SCM vai acontecer no dia 20 deste m\u00eas, no Centro Hist\u00f3rico e Cultural de Porto de Calheta de Sao Miguel.&nbsp;<\/p>\n\n\n\n<p>Tony Fika, Bob Mascarenhas, Homero Fonseca, Indira Rocha, MC Acondize, Batucadeiras S- Miguel, Nany Dias, Gil Semedo, Ga da Lomba, Zulu e Tikai s\u00e3o os artistas que fazem parte do cartaz da 4\u00aa edi\u00e7\u00e3o do SCM, reporta Expresso das ilhas.<\/p>\n\n\n\n<p>O Pr\u00e9mio SCM foi delineado em Julho do ano de 2021 e tem como objectivo a consagra\u00e7\u00e3o e o reconhecimento das obras musicais dos membros da Sociedade Cabo-verdiana de M\u00fasica, que mais se destacaram durante o per\u00edodo em aprecia\u00e7\u00e3o e nesta edi\u00e7\u00e3o ser\u00e3o premiadas as m\u00fasicas lan\u00e7adas pelos membros da SCM, no ano de 2024, para al\u00e9m da elei\u00e7\u00e3o do Pr\u00e9mio Carreira e do Utilizador Guardi\u00e3o.<\/p>\n\n\n\n<p>Anualmente, \u00e9 criada uma Comiss\u00e3o do Pr\u00e9mio, integrada por membros da SCM, eleita em Assembleia Geral, respons\u00e1vel pelo estabelecimento das diretrizes fundamentais da distin\u00e7\u00e3o, pela solu\u00e7\u00e3o de d\u00favidas e omiss\u00f5es, para al\u00e9m dos trabalhos de pr\u00e9-sele\u00e7\u00e3o e sele\u00e7\u00e3o de candidatos.<\/p>\n","protected":false},"excerpt":{"rendered":"<p>A Sociedade Cabo-Verdiana de M\u00fasica avisa todos os seus membros que a vota\u00e7\u00e3o para a 4\u00aa Edi\u00e7\u00e3o do Pr\u00e9mio SCM come\u00e7a esta segunda-feira, 08, e vai at\u00e9 sexta-feira, dia 12 deste m\u00eas. A vota\u00e7\u00e3o pode ser feita no Portal de Autores e Artistas www.scm.cv. Numa confer\u00eancia de imprensa realizada esta segunda-feira, a SCM avisa que<br \/><a class=\"moretag\" href=\"https:\/\/radiocomercial.cv\/?p=2487\">+ Read More<\/a><\/p>\n","protected":false},"author":2,"featured_media":2488,"comment_status":"open","ping_status":"open","sticky":false,"template":"","format":"standard","meta":{"footnotes":""},"categories":[6],"tags":[],"class_list":["post-2487","post","type-post","status-publish","format-standard","has-post-thumbnail","hentry","category-noticias"],"featured_image_src":"https:\/\/radiocomercial.cv\/wp-content\/uploads\/2025\/12\/SCM-4-Gala-2025.jpeg","featured_image_src_square":"https:\/\/radiocomercial.cv\/wp-content\/uploads\/2025\/12\/SCM-4-Gala-2025.jpeg","author_info":{"display_name":"Radio Comercial","author_link":"https:\/\/radiocomercial.cv\/?author=2"},"rbea_author_info":{"display_name":"Radio Comercial","author_link":"https:\/\/radiocomercial.cv\/?author=2"},"rbea_excerpt_info":"A Sociedade Cabo-Verdiana de M\u00fasica avisa todos os seus membros que a vota\u00e7\u00e3o para a 4\u00aa Edi\u00e7\u00e3o do Pr\u00e9mio SCM come\u00e7a esta segunda-feira, 08, e vai at\u00e9 sexta-feira, dia 12 deste m\u00eas. A vota\u00e7\u00e3o pode ser feita no Portal de Autores e Artistas www.scm.cv. Numa confer\u00eancia de imprensa realizada esta segunda-feira, a SCM avisa que<br><a class=\"moretag\" href=\"https:\/\/radiocomercial.cv\/?p=2487\">+ Read More<\/a>","category_list":"<a href=\"https:\/\/radiocomercial.cv\/?cat=6\" rel=\"category\">Noticias<\/a>","comments_num":"0 comments","_links":{"self":[{"href":"https:\/\/radiocomercial.cv\/index.php?rest_route=\/wp\/v2\/posts\/2487","targetHints":{"allow":["GET"]}}],"collection":[{"href":"https:\/\/radiocomercial.cv\/index.php?rest_route=\/wp\/v2\/posts"}],"about":[{"href":"https:\/\/radiocomercial.cv\/index.php?rest_route=\/wp\/v2\/types\/post"}],"author":[{"embeddable":true,"href":"https:\/\/radiocomercial.cv\/index.php?rest_route=\/wp\/v2\/users\/2"}],"replies":[{"embeddable":true,"href":"https:\/\/radiocomercial.cv\/index.php?rest_route=%2Fwp%2Fv2%2Fcomments&post=2487"}],"version-history":[{"count":1,"href":"https:\/\/radiocomercial.cv\/index.php?rest_route=\/wp\/v2\/posts\/2487\/revisions"}],"predecessor-version":[{"id":2489,"href":"https:\/\/radiocomercial.cv\/index.php?rest_route=\/wp\/v2\/posts\/2487\/revisions\/2489"}],"wp:featuredmedia":[{"embeddable":true,"href":"https:\/\/radiocomercial.cv\/index.php?rest_route=\/wp\/v2\/media\/2488"}],"wp:attachment":[{"href":"https:\/\/radiocomercial.cv\/index.php?rest_route=%2Fwp%2Fv2%2Fmedia&parent=2487"}],"wp:term":[{"taxonomy":"category","embeddable":true,"href":"https:\/\/radiocomercial.cv\/index.php?rest_route=%2Fwp%2Fv2%2Fcategories&post=2487"},{"taxonomy":"post_tag","embeddable":true,"href":"https:\/\/radiocomercial.cv\/index.php?rest_route=%2Fwp%2Fv2%2Ftags&post=2487"}],"curies":[{"name":"wp","href":"https:\/\/api.w.org\/{rel}","templated":true}]}}