{"id":2490,"date":"2025-12-09T12:51:46","date_gmt":"2025-12-09T12:51:46","guid":{"rendered":"https:\/\/radiocomercial.cv\/?p=2490"},"modified":"2025-12-09T12:51:48","modified_gmt":"2025-12-09T12:51:48","slug":"batchart-helio-batalha-e-katy-dias-no-concerto-pelos-direitos-humanos-2025","status":"publish","type":"post","link":"https:\/\/radiocomercial.cv\/?p=2490","title":{"rendered":"Batchart, H\u00e9lio Batalha e Katy Dias no Concerto pelos Direitos Humanos 2025"},"content":{"rendered":"\n<p><strong>A Pracinha da Escola Grande, na Cidade da Praia, acolhe esta quarta-feira, 10, o concerto pelos Direitos Humanos, que contar\u00e1 com a actua\u00e7\u00e3o dos artistas Batchart, H\u00e9lio Batalha e Katy Dias.<\/strong><\/p>\n\n\n\n<p>Com este concerto, a Pra\u00e7a D. Lu\u00eds (Pracinha da Escola Grande), no Plateau, volta a transformar-se num palco de m\u00fasica, arte e celebra\u00e7\u00e3o. O concerto que acontece \u00e0s 17h00 ter\u00e1 entrada livre.<\/p>\n\n\n\n<p>Segundo as Na\u00e7\u00f5es Unidas Cabo Verde, trata-se de um dos eventos emblem\u00e1ticos do ano, que marca as comemora\u00e7\u00f5es do Dia Internacional dos Direitos Humanos, a Campanha Livres e Iguais e assinala o encerramento da campanha dos 16 Dias de Activismo pela Elimina\u00e7\u00e3o da Viol\u00eancia contra Mulheres e Meninas, avan\u00e7a Expresso das ilhas.<\/p>\n\n\n\n<p>\u201cO concerto \u00e9 um momento de uni\u00e3o, reflex\u00e3o e celebra\u00e7\u00e3o dos avan\u00e7os em mat\u00e9ria de direitos humanos, promovido pelas Na\u00e7\u00f5es Unidas, pelo Governo de Cabo Verde (atrav\u00e9s da CNDHC e do ICIEG) e pela Uni\u00e3o Europeia e re\u00fane artistas cabo-verdianos para dar voz \u00e0 igualdade, \u00e0 inclus\u00e3o e aos direitos humanos que nos unem a todos\u201d, aponta.<\/p>\n","protected":false},"excerpt":{"rendered":"<p>A Pracinha da Escola Grande, na Cidade da Praia, acolhe esta quarta-feira, 10, o concerto pelos Direitos Humanos, que contar\u00e1 com a actua\u00e7\u00e3o dos artistas Batchart, H\u00e9lio Batalha e Katy Dias. Com este concerto, a Pra\u00e7a D. Lu\u00eds (Pracinha da Escola Grande), no Plateau, volta a transformar-se num palco de m\u00fasica, arte e celebra\u00e7\u00e3o. O<br \/><a class=\"moretag\" href=\"https:\/\/radiocomercial.cv\/?p=2490\">+ Read More<\/a><\/p>\n","protected":false},"author":2,"featured_media":2491,"comment_status":"open","ping_status":"open","sticky":false,"template":"","format":"standard","meta":{"footnotes":""},"categories":[6],"tags":[],"class_list":["post-2490","post","type-post","status-publish","format-standard","has-post-thumbnail","hentry","category-noticias"],"featured_image_src":"https:\/\/radiocomercial.cv\/wp-content\/uploads\/2025\/12\/Concerto-pelos-Direitos-Humanos-2025.jpeg","featured_image_src_square":"https:\/\/radiocomercial.cv\/wp-content\/uploads\/2025\/12\/Concerto-pelos-Direitos-Humanos-2025.jpeg","author_info":{"display_name":"Radio Comercial","author_link":"https:\/\/radiocomercial.cv\/?author=2"},"rbea_author_info":{"display_name":"Radio Comercial","author_link":"https:\/\/radiocomercial.cv\/?author=2"},"rbea_excerpt_info":"A Pracinha da Escola Grande, na Cidade da Praia, acolhe esta quarta-feira, 10, o concerto pelos Direitos Humanos, que contar\u00e1 com a actua\u00e7\u00e3o dos artistas Batchart, H\u00e9lio Batalha e Katy Dias. Com este concerto, a Pra\u00e7a D. Lu\u00eds (Pracinha da Escola Grande), no Plateau, volta a transformar-se num palco de m\u00fasica, arte e celebra\u00e7\u00e3o. O<br><a class=\"moretag\" href=\"https:\/\/radiocomercial.cv\/?p=2490\">+ Read More<\/a>","category_list":"<a href=\"https:\/\/radiocomercial.cv\/?cat=6\" rel=\"category\">Noticias<\/a>","comments_num":"0 comments","_links":{"self":[{"href":"https:\/\/radiocomercial.cv\/index.php?rest_route=\/wp\/v2\/posts\/2490","targetHints":{"allow":["GET"]}}],"collection":[{"href":"https:\/\/radiocomercial.cv\/index.php?rest_route=\/wp\/v2\/posts"}],"about":[{"href":"https:\/\/radiocomercial.cv\/index.php?rest_route=\/wp\/v2\/types\/post"}],"author":[{"embeddable":true,"href":"https:\/\/radiocomercial.cv\/index.php?rest_route=\/wp\/v2\/users\/2"}],"replies":[{"embeddable":true,"href":"https:\/\/radiocomercial.cv\/index.php?rest_route=%2Fwp%2Fv2%2Fcomments&post=2490"}],"version-history":[{"count":1,"href":"https:\/\/radiocomercial.cv\/index.php?rest_route=\/wp\/v2\/posts\/2490\/revisions"}],"predecessor-version":[{"id":2492,"href":"https:\/\/radiocomercial.cv\/index.php?rest_route=\/wp\/v2\/posts\/2490\/revisions\/2492"}],"wp:featuredmedia":[{"embeddable":true,"href":"https:\/\/radiocomercial.cv\/index.php?rest_route=\/wp\/v2\/media\/2491"}],"wp:attachment":[{"href":"https:\/\/radiocomercial.cv\/index.php?rest_route=%2Fwp%2Fv2%2Fmedia&parent=2490"}],"wp:term":[{"taxonomy":"category","embeddable":true,"href":"https:\/\/radiocomercial.cv\/index.php?rest_route=%2Fwp%2Fv2%2Fcategories&post=2490"},{"taxonomy":"post_tag","embeddable":true,"href":"https:\/\/radiocomercial.cv\/index.php?rest_route=%2Fwp%2Fv2%2Ftags&post=2490"}],"curies":[{"name":"wp","href":"https:\/\/api.w.org\/{rel}","templated":true}]}}