{"id":2493,"date":"2025-12-10T12:24:03","date_gmt":"2025-12-10T12:24:03","guid":{"rendered":"https:\/\/radiocomercial.cv\/?p=2493"},"modified":"2025-12-10T12:24:05","modified_gmt":"2025-12-10T12:24:05","slug":"maio-acolhe-concerto-intimista-de-morna-e-jazz","status":"publish","type":"post","link":"https:\/\/radiocomercial.cv\/?p=2493","title":{"rendered":"Maio acolhe concerto intimista de Morna e Jazz"},"content":{"rendered":"\n<p><strong>A Casa da Juventude, no Porto Ingl\u00eas, na ilha do Maio, ser\u00e1 palco, este s\u00e1bado, de um concerto intimista de Morna e Jazz. Ronilda Ramos, Caluca Tavares, Avu Rodrigues, Nha Filipa e Christophe Rosenberg s\u00e3o os artistas que v\u00e3o participar no evento, que est\u00e1 marcado para as 19h00, com entrada gratuita.<\/strong><\/p>\n\n\n\n<p>O concerto faz parte da \u201cAgenda de Dezembro\u201d da C\u00e2mara Municipal do Maio, que inclui outras actividades como torneios de futsal, o Natal dos Idosos, o Natal das Crian\u00e7as, feiras tem\u00e1ticas, mini festivais e a grande passagem de ano na Avenida Am\u00edlcar Cabral.<\/p>\n\n\n\n<p>Segundo a autarquia, o evento visa promover e dinamizar a cultura local, valorizar os artistas e manter viva a alma do Maio, atrav\u00e9s da m\u00fasica que define e une a comunidade.<\/p>\n\n\n\n<p>A mesma fonte garante que ser\u00e1 uma noite especial, dedicada \u00e0 fus\u00e3o entre a morna e o jazz, num ambiente intimista que celebra talentos locais e fortalece a identidade cultural do Maio, avan\u00e7a Expresso das ilhas.<\/p>\n\n\n\n<p>A C\u00e2mara Municipal convida todos os mun\u00edcipes e visitantes a juntarem-se a esta experi\u00eancia musical \u00fanica e intimista, um momento de conv\u00edvio e celebra\u00e7\u00e3o, para sentir e partilhar o orgulho de ser maiense.<\/p>\n","protected":false},"excerpt":{"rendered":"<p>A Casa da Juventude, no Porto Ingl\u00eas, na ilha do Maio, ser\u00e1 palco, este s\u00e1bado, de um concerto intimista de Morna e Jazz. Ronilda Ramos, Caluca Tavares, Avu Rodrigues, Nha Filipa e Christophe Rosenberg s\u00e3o os artistas que v\u00e3o participar no evento, que est\u00e1 marcado para as 19h00, com entrada gratuita. O concerto faz parte<br \/><a class=\"moretag\" href=\"https:\/\/radiocomercial.cv\/?p=2493\">+ Read More<\/a><\/p>\n","protected":false},"author":2,"featured_media":2494,"comment_status":"open","ping_status":"open","sticky":false,"template":"","format":"standard","meta":{"footnotes":""},"categories":[6],"tags":[],"class_list":["post-2493","post","type-post","status-publish","format-standard","has-post-thumbnail","hentry","category-noticias"],"featured_image_src":"https:\/\/radiocomercial.cv\/wp-content\/uploads\/2025\/12\/Maio-acolhe-concerto-intimista-de-Morna-e-Jazz-2025.jpeg","featured_image_src_square":"https:\/\/radiocomercial.cv\/wp-content\/uploads\/2025\/12\/Maio-acolhe-concerto-intimista-de-Morna-e-Jazz-2025.jpeg","author_info":{"display_name":"Radio Comercial","author_link":"https:\/\/radiocomercial.cv\/?author=2"},"rbea_author_info":{"display_name":"Radio Comercial","author_link":"https:\/\/radiocomercial.cv\/?author=2"},"rbea_excerpt_info":"A Casa da Juventude, no Porto Ingl\u00eas, na ilha do Maio, ser\u00e1 palco, este s\u00e1bado, de um concerto intimista de Morna e Jazz. Ronilda Ramos, Caluca Tavares, Avu Rodrigues, Nha Filipa e Christophe Rosenberg s\u00e3o os artistas que v\u00e3o participar no evento, que est\u00e1 marcado para as 19h00, com entrada gratuita. O concerto faz parte<br><a class=\"moretag\" href=\"https:\/\/radiocomercial.cv\/?p=2493\">+ Read More<\/a>","category_list":"<a href=\"https:\/\/radiocomercial.cv\/?cat=6\" rel=\"category\">Noticias<\/a>","comments_num":"0 comments","_links":{"self":[{"href":"https:\/\/radiocomercial.cv\/index.php?rest_route=\/wp\/v2\/posts\/2493","targetHints":{"allow":["GET"]}}],"collection":[{"href":"https:\/\/radiocomercial.cv\/index.php?rest_route=\/wp\/v2\/posts"}],"about":[{"href":"https:\/\/radiocomercial.cv\/index.php?rest_route=\/wp\/v2\/types\/post"}],"author":[{"embeddable":true,"href":"https:\/\/radiocomercial.cv\/index.php?rest_route=\/wp\/v2\/users\/2"}],"replies":[{"embeddable":true,"href":"https:\/\/radiocomercial.cv\/index.php?rest_route=%2Fwp%2Fv2%2Fcomments&post=2493"}],"version-history":[{"count":1,"href":"https:\/\/radiocomercial.cv\/index.php?rest_route=\/wp\/v2\/posts\/2493\/revisions"}],"predecessor-version":[{"id":2495,"href":"https:\/\/radiocomercial.cv\/index.php?rest_route=\/wp\/v2\/posts\/2493\/revisions\/2495"}],"wp:featuredmedia":[{"embeddable":true,"href":"https:\/\/radiocomercial.cv\/index.php?rest_route=\/wp\/v2\/media\/2494"}],"wp:attachment":[{"href":"https:\/\/radiocomercial.cv\/index.php?rest_route=%2Fwp%2Fv2%2Fmedia&parent=2493"}],"wp:term":[{"taxonomy":"category","embeddable":true,"href":"https:\/\/radiocomercial.cv\/index.php?rest_route=%2Fwp%2Fv2%2Fcategories&post=2493"},{"taxonomy":"post_tag","embeddable":true,"href":"https:\/\/radiocomercial.cv\/index.php?rest_route=%2Fwp%2Fv2%2Ftags&post=2493"}],"curies":[{"name":"wp","href":"https:\/\/api.w.org\/{rel}","templated":true}]}}