{"id":2499,"date":"2025-12-11T12:52:27","date_gmt":"2025-12-11T12:52:27","guid":{"rendered":"https:\/\/radiocomercial.cv\/?p=2499"},"modified":"2025-12-11T12:52:29","modified_gmt":"2025-12-11T12:52:29","slug":"documentario-sobre-musico-orlando-pantera-estreia-se-nos-cinemas-portugueses","status":"publish","type":"post","link":"https:\/\/radiocomercial.cv\/?p=2499","title":{"rendered":"Document\u00e1rio sobre m\u00fasico Orlando Pantera estreia-se nos cinemas portugueses"},"content":{"rendered":"\n<p><strong>A \u201cheran\u00e7a musical e emocional\u201d do m\u00fasico Orlando Pantera, que morreu em 2001, \u00e9 lembrada num document\u00e1rio de Catarina Alves Costa, que se estreia nesta quinta-feira, 11 nos cinemas portugueses.<\/strong><\/p>\n\n\n\n<p>O filme \u00e9 apresentado como \u201co retrato \u00edntimo de um homem que deu voz \u00e0 alma do seu povo \u2014 um pai, um criador e um s\u00edmbolo da identidade cabo-verdiana\u201d, tendo sido duplamente distinguido em Maio no festival IndieLisboa, com o pr\u00e9mio do p\u00fablico e o pr\u00e9mio de melhor filme na sec\u00e7\u00e3o \u201cIndieMusic\u201d.<\/p>\n\n\n\n<p>Na altura da estreia de \u201cOrlando Pantera\u201d no IndieLisboa, Catarina Alves Costa contou \u00e0 Lusa que come\u00e7ou a pensar neste projecto em 2000, quando conheceu o m\u00fasico (baptizado Orlando Monteiro Barreto) em Cabo Verde, \u00e0 margem de um outro projecto documental, sobre a cria\u00e7\u00e3o teatral cabo-verdiana.<\/p>\n\n\n\n<p>A realizadora filmou e recolheu v\u00e1rios materiais sobre o m\u00fasico, mas que nunca chegaram a ser usados, at\u00e9 que, anos depois, a \u00fanica filha de Orlando Pantera, Darlene Barreto, a desafiou a fazer um document\u00e1rio.<\/p>\n\n\n\n<p>Com uma narrativa guiada por Darlene Barreto, o filme junta diversos arquivos, nomeadamente da fam\u00edlia do m\u00fasico, inclui filmagens de Orlando Pantera a cantar e tamb\u00e9m de outras pessoas a interpretarem as m\u00fasicas dele, reporta Expresso das ilhas.<\/p>\n\n\n\n<p>Para Catarina Alves Costa, Orlando Pantera (1967-2001) \u201cmudou, de certa maneira, o paradigma da m\u00fasica de Cabo Verde, ao ir buscar os ritmos mais tradicionais, principalmente os instrumentos da \u2018tabanka\u2019, o b\u00fazio, o tambor, o batuque\u201d, no fundo \u201cas origens mais africanas\u201d.<\/p>\n\n\n\n<p>\u201cOrlando Pantera\u201d chega aos cinemas portugueses depois de j\u00e1 ter sido mostrado tamb\u00e9m em Cabo Verde, no Centro Cultural Portugu\u00eas da Praia.<\/p>\n","protected":false},"excerpt":{"rendered":"<p>A \u201cheran\u00e7a musical e emocional\u201d do m\u00fasico Orlando Pantera, que morreu em 2001, \u00e9 lembrada num document\u00e1rio de Catarina Alves Costa, que se estreia nesta quinta-feira, 11 nos cinemas portugueses. O filme \u00e9 apresentado como \u201co retrato \u00edntimo de um homem que deu voz \u00e0 alma do seu povo \u2014 um pai, um criador e<br \/><a class=\"moretag\" href=\"https:\/\/radiocomercial.cv\/?p=2499\">+ Read More<\/a><\/p>\n","protected":false},"author":2,"featured_media":2500,"comment_status":"open","ping_status":"open","sticky":false,"template":"","format":"standard","meta":{"footnotes":""},"categories":[1],"tags":[],"class_list":["post-2499","post","type-post","status-publish","format-standard","has-post-thumbnail","hentry","category-uncategorized"],"featured_image_src":"https:\/\/radiocomercial.cv\/wp-content\/uploads\/2025\/12\/Documentario-sobre-musico-Orlando-Pantera-estreia-se-nos-cinemas-portugueses-2025.jpeg","featured_image_src_square":"https:\/\/radiocomercial.cv\/wp-content\/uploads\/2025\/12\/Documentario-sobre-musico-Orlando-Pantera-estreia-se-nos-cinemas-portugueses-2025.jpeg","author_info":{"display_name":"Radio Comercial","author_link":"https:\/\/radiocomercial.cv\/?author=2"},"rbea_author_info":{"display_name":"Radio Comercial","author_link":"https:\/\/radiocomercial.cv\/?author=2"},"rbea_excerpt_info":"A \u201cheran\u00e7a musical e emocional\u201d do m\u00fasico Orlando Pantera, que morreu em 2001, \u00e9 lembrada num document\u00e1rio de Catarina Alves Costa, que se estreia nesta quinta-feira, 11 nos cinemas portugueses. O filme \u00e9 apresentado como \u201co retrato \u00edntimo de um homem que deu voz \u00e0 alma do seu povo \u2014 um pai, um criador e<br><a class=\"moretag\" href=\"https:\/\/radiocomercial.cv\/?p=2499\">+ Read More<\/a>","category_list":"<a href=\"https:\/\/radiocomercial.cv\/?cat=1\" rel=\"category\">Uncategorized<\/a>","comments_num":"0 comments","_links":{"self":[{"href":"https:\/\/radiocomercial.cv\/index.php?rest_route=\/wp\/v2\/posts\/2499","targetHints":{"allow":["GET"]}}],"collection":[{"href":"https:\/\/radiocomercial.cv\/index.php?rest_route=\/wp\/v2\/posts"}],"about":[{"href":"https:\/\/radiocomercial.cv\/index.php?rest_route=\/wp\/v2\/types\/post"}],"author":[{"embeddable":true,"href":"https:\/\/radiocomercial.cv\/index.php?rest_route=\/wp\/v2\/users\/2"}],"replies":[{"embeddable":true,"href":"https:\/\/radiocomercial.cv\/index.php?rest_route=%2Fwp%2Fv2%2Fcomments&post=2499"}],"version-history":[{"count":1,"href":"https:\/\/radiocomercial.cv\/index.php?rest_route=\/wp\/v2\/posts\/2499\/revisions"}],"predecessor-version":[{"id":2501,"href":"https:\/\/radiocomercial.cv\/index.php?rest_route=\/wp\/v2\/posts\/2499\/revisions\/2501"}],"wp:featuredmedia":[{"embeddable":true,"href":"https:\/\/radiocomercial.cv\/index.php?rest_route=\/wp\/v2\/media\/2500"}],"wp:attachment":[{"href":"https:\/\/radiocomercial.cv\/index.php?rest_route=%2Fwp%2Fv2%2Fmedia&parent=2499"}],"wp:term":[{"taxonomy":"category","embeddable":true,"href":"https:\/\/radiocomercial.cv\/index.php?rest_route=%2Fwp%2Fv2%2Fcategories&post=2499"},{"taxonomy":"post_tag","embeddable":true,"href":"https:\/\/radiocomercial.cv\/index.php?rest_route=%2Fwp%2Fv2%2Ftags&post=2499"}],"curies":[{"name":"wp","href":"https:\/\/api.w.org\/{rel}","templated":true}]}}