{"id":2502,"date":"2025-12-11T16:29:07","date_gmt":"2025-12-11T16:29:07","guid":{"rendered":"https:\/\/radiocomercial.cv\/?p=2502"},"modified":"2025-12-11T16:29:09","modified_gmt":"2025-12-11T16:29:09","slug":"praia-e-mindelo-recebem-este-fim-de-semana-a-12a-edicao-da-morna-fest","status":"publish","type":"post","link":"https:\/\/radiocomercial.cv\/?p=2502","title":{"rendered":"Praia e Mindelo recebem este fim-de-semana a 12\u00aa edi\u00e7\u00e3o da Morna Fest"},"content":{"rendered":"\n<p><strong>A Cidade da Praia e a cidade do Mindelo recebem este fim-de-semana, a 12\u00aa edi\u00e7\u00e3o da Morna Fest, um evento que visa valorizar a morna.<\/strong><\/p>\n\n\n\n<p>Na Cidade da Praia, esta edi\u00e7ao&nbsp; acontece nesta sexta-feira, 12, \u00e0s 21h00, na Assembleia Nacional, e re\u00fane nomes como Mariana Ramos, Bert\u00e2nia Almeida, Solange Cesarovna, Cal\u00fa Bana, Toi Vieira, Mirri Lobo, Arlindo Rodrigues e M\u00e1rio Marta.<\/p>\n\n\n\n<p>J\u00e1 no Mindelo, o evento est\u00e1 programado para este s\u00e1bado, 13, \u00e0s 21h00, na Pracinha do Liceu Velho, com as actua\u00e7\u00f5es de Mariana Ramos, Lizandra Gomes, Carla Lima, Cal\u00fa Bana, Toi Vieira, Mirri Lobo, Arlindo Rodrigues e M\u00e1rio Marta.<\/p>\n\n\n\n<p>A 12\u00aa edi\u00e7\u00e3o da Morna Fest esteve, no passado dia 29 de Novembro, no Polivalente da Chanzinha, na Vila da Ribeira Brava, ilha de S\u00e3o Nicolau e no dia 6 deste m\u00eas, no munic\u00edpio de S\u00e3o Filipe, na ilha do Fogo.<\/p>\n\n\n\n<p>Promovido pela produtora Boa M\u00fasica, a Morna Fest re\u00fane v\u00e1rios artistas amantes da morna, que percorrem alguns palcos do pa\u00eds com concertos que engrandecem este g\u00e9nero musical, que \u00e9 Patrim\u00f4nio Mundial desde 2029.<\/p>\n\n\n\n<p>Segundo a organiza\u00e7\u00e3o, esta edi\u00e7\u00e3o da Morna Fest est\u00e1 repleta de m\u00fasica, emo\u00e7\u00e3o e celebra\u00e7\u00e3o da nossa cultura, reporta Expresso das ilhas.<\/p>\n\n\n\n<p>Por isso, convida os mun\u00edcipes da Praia e do Mindelo a juntarem-se ao evento, para vivenciar performances incr\u00edveis de v\u00e1rios artistas nacionais que ir\u00e3o encantar seus cora\u00e7\u00f5es.<\/p>\n\n\n\n<p>\u201cSer\u00e1 uma celebra\u00e7\u00e3o \u00fanica com vozes extraordin\u00e1rias e melodias que nos transportam para a alma de Cabo Verde\u201d, destaca.<\/p>\n","protected":false},"excerpt":{"rendered":"<p>A Cidade da Praia e a cidade do Mindelo recebem este fim-de-semana, a 12\u00aa edi\u00e7\u00e3o da Morna Fest, um evento que visa valorizar a morna. Na Cidade da Praia, esta edi\u00e7ao&nbsp; acontece nesta sexta-feira, 12, \u00e0s 21h00, na Assembleia Nacional, e re\u00fane nomes como Mariana Ramos, Bert\u00e2nia Almeida, Solange Cesarovna, Cal\u00fa Bana, Toi Vieira, Mirri<br \/><a class=\"moretag\" href=\"https:\/\/radiocomercial.cv\/?p=2502\">+ Read More<\/a><\/p>\n","protected":false},"author":2,"featured_media":2503,"comment_status":"open","ping_status":"open","sticky":false,"template":"","format":"standard","meta":{"footnotes":""},"categories":[6],"tags":[],"class_list":["post-2502","post","type-post","status-publish","format-standard","has-post-thumbnail","hentry","category-noticias"],"featured_image_src":"https:\/\/radiocomercial.cv\/wp-content\/uploads\/2025\/12\/Praia-e-Mindelo-recebem-Morna-Fest-2025.jpeg","featured_image_src_square":"https:\/\/radiocomercial.cv\/wp-content\/uploads\/2025\/12\/Praia-e-Mindelo-recebem-Morna-Fest-2025.jpeg","author_info":{"display_name":"Radio Comercial","author_link":"https:\/\/radiocomercial.cv\/?author=2"},"rbea_author_info":{"display_name":"Radio Comercial","author_link":"https:\/\/radiocomercial.cv\/?author=2"},"rbea_excerpt_info":"A Cidade da Praia e a cidade do Mindelo recebem este fim-de-semana, a 12\u00aa edi\u00e7\u00e3o da Morna Fest, um evento que visa valorizar a morna. Na Cidade da Praia, esta edi\u00e7ao&nbsp; acontece nesta sexta-feira, 12, \u00e0s 21h00, na Assembleia Nacional, e re\u00fane nomes como Mariana Ramos, Bert\u00e2nia Almeida, Solange Cesarovna, Cal\u00fa Bana, Toi Vieira, Mirri<br><a class=\"moretag\" href=\"https:\/\/radiocomercial.cv\/?p=2502\">+ Read More<\/a>","category_list":"<a href=\"https:\/\/radiocomercial.cv\/?cat=6\" rel=\"category\">Noticias<\/a>","comments_num":"0 comments","_links":{"self":[{"href":"https:\/\/radiocomercial.cv\/index.php?rest_route=\/wp\/v2\/posts\/2502","targetHints":{"allow":["GET"]}}],"collection":[{"href":"https:\/\/radiocomercial.cv\/index.php?rest_route=\/wp\/v2\/posts"}],"about":[{"href":"https:\/\/radiocomercial.cv\/index.php?rest_route=\/wp\/v2\/types\/post"}],"author":[{"embeddable":true,"href":"https:\/\/radiocomercial.cv\/index.php?rest_route=\/wp\/v2\/users\/2"}],"replies":[{"embeddable":true,"href":"https:\/\/radiocomercial.cv\/index.php?rest_route=%2Fwp%2Fv2%2Fcomments&post=2502"}],"version-history":[{"count":1,"href":"https:\/\/radiocomercial.cv\/index.php?rest_route=\/wp\/v2\/posts\/2502\/revisions"}],"predecessor-version":[{"id":2504,"href":"https:\/\/radiocomercial.cv\/index.php?rest_route=\/wp\/v2\/posts\/2502\/revisions\/2504"}],"wp:featuredmedia":[{"embeddable":true,"href":"https:\/\/radiocomercial.cv\/index.php?rest_route=\/wp\/v2\/media\/2503"}],"wp:attachment":[{"href":"https:\/\/radiocomercial.cv\/index.php?rest_route=%2Fwp%2Fv2%2Fmedia&parent=2502"}],"wp:term":[{"taxonomy":"category","embeddable":true,"href":"https:\/\/radiocomercial.cv\/index.php?rest_route=%2Fwp%2Fv2%2Fcategories&post=2502"},{"taxonomy":"post_tag","embeddable":true,"href":"https:\/\/radiocomercial.cv\/index.php?rest_route=%2Fwp%2Fv2%2Ftags&post=2502"}],"curies":[{"name":"wp","href":"https:\/\/api.w.org\/{rel}","templated":true}]}}