{"id":2505,"date":"2025-12-12T16:29:23","date_gmt":"2025-12-12T16:29:23","guid":{"rendered":"https:\/\/radiocomercial.cv\/?p=2505"},"modified":"2025-12-12T16:30:45","modified_gmt":"2025-12-12T16:30:45","slug":"elida-almeida-junta-se-as-freirianas-guerreiras-no-single-nka-ta-pasa","status":"publish","type":"post","link":"https:\/\/radiocomercial.cv\/?p=2505","title":{"rendered":"\u00c9lida Almeida junta-se \u00e0s Freirianas Guerreiras no single &#8220;Nka ta Pasa&#8221;"},"content":{"rendered":"\n<p><strong>A cantora \u00c9lida Almeida acaba de lan\u00e7ar o seu mais novo single \u201cNka ta Pasa\u201d com a colabora\u00e7\u00e3o do grupo de batucadeiras Freirianas Guerreiras.<\/strong><\/p>\n\n\n\n<p>Segundo a Harmonia, \u201cNka Ta Pasa\u201d \u00e9 um retrato vibrante do quotidiano cabo-verdiano, inspirado na din\u00e2mica viva dos mercados da ilha natal de Elida Almeida.<\/p>\n\n\n\n<p>A mesma fonte destaca que, no tema, Elida une-se \u00e0s Freirianas Guerreiras, igualmente naturais da mesma ilha, para dar voz a duas mulheres envolvidas numa discuss\u00e3o acesa, alimentada pelas intrigas e mexericos que circulam \u00e0 sua volta.<\/p>\n\n\n\n<p>\u201cEntre provoca\u00e7\u00f5es, na g\u00edria local, mal-entendidos e uma quase disputa de poder, em tom de jogo de compara\u00e7\u00f5es, as protagonistas confrontam-se num cen\u00e1rio onde a comunidade as observa, comenta e amplifica o conflito\u201d, relata.<\/p>\n\n\n\n<p>A Harmonia sublinha que, por detr\u00e1s da tens\u00e3o, a m\u00fasica revela tamb\u00e9m ironia, humor e humanidade, mostrando como, nas rela\u00e7\u00f5es do dia a dia, as diverg\u00eancias podem transformar-se em for\u00e7a, purifica\u00e7\u00e3o e uni\u00e3o.<\/p>\n\n\n\n<p>\u201cEntre ritmos quentes, vozes expressivas e uma narrativa muito expressa visualmente, \u2018Nka Ta Pasa\u2019 comemora o esp\u00edrito resiliente da mulher cabo-verdiana e a energia dos mercados que s\u00e3o palco de hist\u00f3rias, encontros e pequenos dramas da vida real\u201d, aponta.<\/p>\n\n\n\n<figure class=\"wp-block-embed is-type-video is-provider-youtube wp-block-embed-youtube wp-embed-aspect-16-9 wp-has-aspect-ratio\"><div class=\"wp-block-embed__wrapper\">\n<iframe title=\"Elida Almeida - Nka Ta Pasa ft. Freirianas Guerreiras\" width=\"500\" height=\"281\" src=\"https:\/\/www.youtube.com\/embed\/oRMDARciFzk?feature=oembed\" frameborder=\"0\" allow=\"accelerometer; autoplay; clipboard-write; encrypted-media; gyroscope; picture-in-picture; web-share\" referrerpolicy=\"strict-origin-when-cross-origin\" allowfullscreen><\/iframe>\n<\/div><\/figure>\n","protected":false},"excerpt":{"rendered":"<p>A cantora \u00c9lida Almeida acaba de lan\u00e7ar o seu mais novo single \u201cNka ta Pasa\u201d com a colabora\u00e7\u00e3o do grupo de batucadeiras Freirianas Guerreiras. Segundo a Harmonia, \u201cNka Ta Pasa\u201d \u00e9 um retrato vibrante do quotidiano cabo-verdiano, inspirado na din\u00e2mica viva dos mercados da ilha natal de Elida Almeida. A mesma fonte destaca que, no<br \/><a class=\"moretag\" href=\"https:\/\/radiocomercial.cv\/?p=2505\">+ Read More<\/a><\/p>\n","protected":false},"author":2,"featured_media":2506,"comment_status":"open","ping_status":"open","sticky":false,"template":"","format":"standard","meta":{"footnotes":""},"categories":[6],"tags":[],"class_list":["post-2505","post","type-post","status-publish","format-standard","has-post-thumbnail","hentry","category-noticias"],"featured_image_src":"https:\/\/radiocomercial.cv\/wp-content\/uploads\/2025\/12\/Elida-Almeida-junta-se-as-Freirianas-Guerreiras-no-single-Nka-ta-Pasa.jpeg","featured_image_src_square":"https:\/\/radiocomercial.cv\/wp-content\/uploads\/2025\/12\/Elida-Almeida-junta-se-as-Freirianas-Guerreiras-no-single-Nka-ta-Pasa.jpeg","author_info":{"display_name":"Radio Comercial","author_link":"https:\/\/radiocomercial.cv\/?author=2"},"rbea_author_info":{"display_name":"Radio Comercial","author_link":"https:\/\/radiocomercial.cv\/?author=2"},"rbea_excerpt_info":"A cantora \u00c9lida Almeida acaba de lan\u00e7ar o seu mais novo single \u201cNka ta Pasa\u201d com a colabora\u00e7\u00e3o do grupo de batucadeiras Freirianas Guerreiras. Segundo a Harmonia, \u201cNka Ta Pasa\u201d \u00e9 um retrato vibrante do quotidiano cabo-verdiano, inspirado na din\u00e2mica viva dos mercados da ilha natal de Elida Almeida. A mesma fonte destaca que, no<br><a class=\"moretag\" href=\"https:\/\/radiocomercial.cv\/?p=2505\">+ Read More<\/a>","category_list":"<a href=\"https:\/\/radiocomercial.cv\/?cat=6\" rel=\"category\">Noticias<\/a>","comments_num":"0 comments","_links":{"self":[{"href":"https:\/\/radiocomercial.cv\/index.php?rest_route=\/wp\/v2\/posts\/2505","targetHints":{"allow":["GET"]}}],"collection":[{"href":"https:\/\/radiocomercial.cv\/index.php?rest_route=\/wp\/v2\/posts"}],"about":[{"href":"https:\/\/radiocomercial.cv\/index.php?rest_route=\/wp\/v2\/types\/post"}],"author":[{"embeddable":true,"href":"https:\/\/radiocomercial.cv\/index.php?rest_route=\/wp\/v2\/users\/2"}],"replies":[{"embeddable":true,"href":"https:\/\/radiocomercial.cv\/index.php?rest_route=%2Fwp%2Fv2%2Fcomments&post=2505"}],"version-history":[{"count":2,"href":"https:\/\/radiocomercial.cv\/index.php?rest_route=\/wp\/v2\/posts\/2505\/revisions"}],"predecessor-version":[{"id":2508,"href":"https:\/\/radiocomercial.cv\/index.php?rest_route=\/wp\/v2\/posts\/2505\/revisions\/2508"}],"wp:featuredmedia":[{"embeddable":true,"href":"https:\/\/radiocomercial.cv\/index.php?rest_route=\/wp\/v2\/media\/2506"}],"wp:attachment":[{"href":"https:\/\/radiocomercial.cv\/index.php?rest_route=%2Fwp%2Fv2%2Fmedia&parent=2505"}],"wp:term":[{"taxonomy":"category","embeddable":true,"href":"https:\/\/radiocomercial.cv\/index.php?rest_route=%2Fwp%2Fv2%2Fcategories&post=2505"},{"taxonomy":"post_tag","embeddable":true,"href":"https:\/\/radiocomercial.cv\/index.php?rest_route=%2Fwp%2Fv2%2Ftags&post=2505"}],"curies":[{"name":"wp","href":"https:\/\/api.w.org\/{rel}","templated":true}]}}