{"id":2536,"date":"2026-01-15T16:31:01","date_gmt":"2026-01-15T16:31:01","guid":{"rendered":"https:\/\/radiocomercial.cv\/?p=2536"},"modified":"2026-01-15T16:31:03","modified_gmt":"2026-01-15T16:31:03","slug":"festival-nho-santo-amaro-2026-com-dois-dias-de-musica","status":"publish","type":"post","link":"https:\/\/radiocomercial.cv\/?p=2536","title":{"rendered":"Festival Nh\u00f4 Santo Amaro 2026 com dois dias de m\u00fasica"},"content":{"rendered":"\n<p><strong>O Munic\u00edpio do Tarrafal de Santiago ser\u00e1 palco nesta sexta e s\u00e1bado, 16 e 17 deste m\u00eas, de mais uma edi\u00e7\u00e3o do Festival Nh\u00f4 Santo Amaro.<\/strong><\/p>\n\n\n\n<p>Segundo a C\u00e2mara Municipal, ser\u00e3o dois dias marcados por muita m\u00fasica, anima\u00e7\u00e3o e esp\u00edrito de civismo, \u201cproporcionando ao p\u00fablico espect\u00e1culos de elevada qualidade art\u00edstica e t\u00e9cnica, com uma programa\u00e7\u00e3o diversificada e inclusiva, pensada para agradar a diferentes p\u00fablicos e faixas et\u00e1rias\u201d.<\/p>\n\n\n\n<p>O cartaz integra artistas como Beto Dias, Tony Fika, Garry, CESF, Rods Wires, Dynamo, SOS Mucci, Cordas do Sol, Don Kikas, Chando Graciosa, L\u00e9o Pereira, Suzy, Brou AS, Delta Cultura, Mudjeris di Bon Speransa, Ana Mileida e Meleny Gomes, Marcia Cruz, Mika Kutuvela, Flou Vares, Herman Macedo, Raiz di Tarafi, Taty, Wade Silvino, Junny, Nuno de Guetto, Djito Vaz, Gwayne, Wellicht Bruikbaar.<\/p>\n\n\n\n<p>O festival acontece na Orla Mar\u00edtima de Ponta D\u2019Atum e contar\u00e1 ainda com anima\u00e7\u00e3o do DJ Pensador e do MC Danny.<\/p>\n\n\n\n<p>Organizado pela C\u00e2mara Municipal do Tarrafal em parceria com diversas entidades, o festival \u00e9 dedicado \u00e0s v\u00edtimas das chuvas. O evento est\u00e1 ainda enquadrado nas festividades em comemora\u00e7\u00e3o de Santo Amaro Abade, celebradas no dia 15 de Janeiro, avan\u00e7a Expresso das ilhas.<\/p>\n\n\n\n<p>A C\u00e2mara Municipal salienta que, para al\u00e9m do festival, tem implementado um conjunto de actividades culturais, desportivas e recreativas, com o objectivo de dinamizar o munic\u00edpio, promover a pr\u00e1tica cultural e desportiva e proporcionar momentos de conv\u00edvio e confraterniza\u00e7\u00e3o entre mun\u00edcipes, emigrantes, visitantes e turistas.<\/p>\n","protected":false},"excerpt":{"rendered":"<p>O Munic\u00edpio do Tarrafal de Santiago ser\u00e1 palco nesta sexta e s\u00e1bado, 16 e 17 deste m\u00eas, de mais uma edi\u00e7\u00e3o do Festival Nh\u00f4 Santo Amaro. Segundo a C\u00e2mara Municipal, ser\u00e3o dois dias marcados por muita m\u00fasica, anima\u00e7\u00e3o e esp\u00edrito de civismo, \u201cproporcionando ao p\u00fablico espect\u00e1culos de elevada qualidade art\u00edstica e t\u00e9cnica, com uma programa\u00e7\u00e3o<br \/><a class=\"moretag\" href=\"https:\/\/radiocomercial.cv\/?p=2536\">+ Read More<\/a><\/p>\n","protected":false},"author":2,"featured_media":2537,"comment_status":"open","ping_status":"open","sticky":false,"template":"","format":"standard","meta":{"footnotes":""},"categories":[6],"tags":[],"class_list":["post-2536","post","type-post","status-publish","format-standard","has-post-thumbnail","hentry","category-noticias"],"featured_image_src":"https:\/\/radiocomercial.cv\/wp-content\/uploads\/2026\/01\/Festival-Santo-Amaru-2026.jpeg","featured_image_src_square":"https:\/\/radiocomercial.cv\/wp-content\/uploads\/2026\/01\/Festival-Santo-Amaru-2026.jpeg","author_info":{"display_name":"Radio Comercial","author_link":"https:\/\/radiocomercial.cv\/?author=2"},"rbea_author_info":{"display_name":"Radio Comercial","author_link":"https:\/\/radiocomercial.cv\/?author=2"},"rbea_excerpt_info":"O Munic\u00edpio do Tarrafal de Santiago ser\u00e1 palco nesta sexta e s\u00e1bado, 16 e 17 deste m\u00eas, de mais uma edi\u00e7\u00e3o do Festival Nh\u00f4 Santo Amaro. Segundo a C\u00e2mara Municipal, ser\u00e3o dois dias marcados por muita m\u00fasica, anima\u00e7\u00e3o e esp\u00edrito de civismo, \u201cproporcionando ao p\u00fablico espect\u00e1culos de elevada qualidade art\u00edstica e t\u00e9cnica, com uma programa\u00e7\u00e3o<br><a class=\"moretag\" href=\"https:\/\/radiocomercial.cv\/?p=2536\">+ Read More<\/a>","category_list":"<a href=\"https:\/\/radiocomercial.cv\/?cat=6\" rel=\"category\">Noticias<\/a>","comments_num":"0 comments","_links":{"self":[{"href":"https:\/\/radiocomercial.cv\/index.php?rest_route=\/wp\/v2\/posts\/2536","targetHints":{"allow":["GET"]}}],"collection":[{"href":"https:\/\/radiocomercial.cv\/index.php?rest_route=\/wp\/v2\/posts"}],"about":[{"href":"https:\/\/radiocomercial.cv\/index.php?rest_route=\/wp\/v2\/types\/post"}],"author":[{"embeddable":true,"href":"https:\/\/radiocomercial.cv\/index.php?rest_route=\/wp\/v2\/users\/2"}],"replies":[{"embeddable":true,"href":"https:\/\/radiocomercial.cv\/index.php?rest_route=%2Fwp%2Fv2%2Fcomments&post=2536"}],"version-history":[{"count":1,"href":"https:\/\/radiocomercial.cv\/index.php?rest_route=\/wp\/v2\/posts\/2536\/revisions"}],"predecessor-version":[{"id":2538,"href":"https:\/\/radiocomercial.cv\/index.php?rest_route=\/wp\/v2\/posts\/2536\/revisions\/2538"}],"wp:featuredmedia":[{"embeddable":true,"href":"https:\/\/radiocomercial.cv\/index.php?rest_route=\/wp\/v2\/media\/2537"}],"wp:attachment":[{"href":"https:\/\/radiocomercial.cv\/index.php?rest_route=%2Fwp%2Fv2%2Fmedia&parent=2536"}],"wp:term":[{"taxonomy":"category","embeddable":true,"href":"https:\/\/radiocomercial.cv\/index.php?rest_route=%2Fwp%2Fv2%2Fcategories&post=2536"},{"taxonomy":"post_tag","embeddable":true,"href":"https:\/\/radiocomercial.cv\/index.php?rest_route=%2Fwp%2Fv2%2Ftags&post=2536"}],"curies":[{"name":"wp","href":"https:\/\/api.w.org\/{rel}","templated":true}]}}