{"id":2542,"date":"2026-01-16T13:12:23","date_gmt":"2026-01-16T13:12:23","guid":{"rendered":"https:\/\/radiocomercial.cv\/?p=2542"},"modified":"2026-01-16T13:12:25","modified_gmt":"2026-01-16T13:12:25","slug":"direcao-nacional-do-ambiente-com-campanha-de-limpeza-em-praias-no-ambito-do-projecto-zero-residuos-plasticos","status":"publish","type":"post","link":"https:\/\/radiocomercial.cv\/?p=2542","title":{"rendered":"Dire\u00e7\u00e3o Nacional do Ambiente com campanha de limpeza em praias no \u00e2mbito do projecto Zero Res\u00edduos Pl\u00e1sticos"},"content":{"rendered":"\n<p><strong>A Dire\u00e7\u00e3o Nacional do Ambiente (DNA) promove no s\u00e1bado, 17, uma campanha de limpeza em diversas praias do pa\u00eds, visando refor\u00e7ar a consciencializa\u00e7\u00e3o sobre a polui\u00e7\u00e3o marinha no \u00e2mbito da iniciativa Zero Res\u00edduos Pl\u00e1sticos.<\/strong><\/p>\n\n\n\n<p>A ac\u00e7\u00e3o, que conta com a parceria de diversas institui\u00e7\u00f5es, decorrer\u00e1 entre as 08:00 e \u00e0s 12:30, em v\u00e1rias praias do pa\u00eds como a de S\u00e3o Tom\u00e9, na cidade da Praia, praia de Areia Grande, em Santa Cruz, praia de Cadjetona, em S\u00e3o Miguel, e a Reserva de Boa Esperan\u00e7a, na ilha da Boa Vista.<\/p>\n\n\n\n<p>De acordo com uma nota de imprensa, o evento pretende mobilizar cidad\u00e3os, associa\u00e7\u00f5es, jovens e fam\u00edlias para uma \u201cjornada activa\u201d de recolha, separa\u00e7\u00e3o e posterior encaminhamento de res\u00edduos pl\u00e1sticos para a reciclagem, avan\u00e7a \u00e0 Inforpress.<\/p>\n\n\n\n<p>\u201cCom esta iniciativa, pretende-se refor\u00e7ar a import\u00e2ncia da responsabilidade individual e colectiva na redu\u00e7\u00e3o do lixo pl\u00e1stico, sensibilizando para os impactos ambientais e sociais da polui\u00e7\u00e3o, em particular nos ecossistemas costeiros e marinhos\u201d, l\u00ea-se no documento.<\/p>\n\n\n\n<p>A organiza\u00e7\u00e3o apela para a vontade de todos de \u201cfazer a diferen\u00e7a\u201d e refor\u00e7a o objectivo de promover h\u00e1bitos mais sustent\u00e1veis cuidando dos espa\u00e7os que s\u00e3o de todos, e incentiva a participa\u00e7\u00e3o dos cabo-verdianos na iniciativa.<\/p>\n\n\n\n<p><\/p>\n","protected":false},"excerpt":{"rendered":"<p>A Dire\u00e7\u00e3o Nacional do Ambiente (DNA) promove no s\u00e1bado, 17, uma campanha de limpeza em diversas praias do pa\u00eds, visando refor\u00e7ar a consciencializa\u00e7\u00e3o sobre a polui\u00e7\u00e3o marinha no \u00e2mbito da iniciativa Zero Res\u00edduos Pl\u00e1sticos. A ac\u00e7\u00e3o, que conta com a parceria de diversas institui\u00e7\u00f5es, decorrer\u00e1 entre as 08:00 e \u00e0s 12:30, em v\u00e1rias praias do<br \/><a class=\"moretag\" href=\"https:\/\/radiocomercial.cv\/?p=2542\">+ Read More<\/a><\/p>\n","protected":false},"author":2,"featured_media":2543,"comment_status":"open","ping_status":"open","sticky":false,"template":"","format":"standard","meta":{"footnotes":""},"categories":[6],"tags":[],"class_list":["post-2542","post","type-post","status-publish","format-standard","has-post-thumbnail","hentry","category-noticias"],"featured_image_src":"https:\/\/radiocomercial.cv\/wp-content\/uploads\/2026\/01\/Campanha_Zero_Residuos_plasticos-2026.jpg","featured_image_src_square":"https:\/\/radiocomercial.cv\/wp-content\/uploads\/2026\/01\/Campanha_Zero_Residuos_plasticos-2026.jpg","author_info":{"display_name":"Radio Comercial","author_link":"https:\/\/radiocomercial.cv\/?author=2"},"rbea_author_info":{"display_name":"Radio Comercial","author_link":"https:\/\/radiocomercial.cv\/?author=2"},"rbea_excerpt_info":"A Dire\u00e7\u00e3o Nacional do Ambiente (DNA) promove no s\u00e1bado, 17, uma campanha de limpeza em diversas praias do pa\u00eds, visando refor\u00e7ar a consciencializa\u00e7\u00e3o sobre a polui\u00e7\u00e3o marinha no \u00e2mbito da iniciativa Zero Res\u00edduos Pl\u00e1sticos. A ac\u00e7\u00e3o, que conta com a parceria de diversas institui\u00e7\u00f5es, decorrer\u00e1 entre as 08:00 e \u00e0s 12:30, em v\u00e1rias praias do<br><a class=\"moretag\" href=\"https:\/\/radiocomercial.cv\/?p=2542\">+ Read More<\/a>","category_list":"<a href=\"https:\/\/radiocomercial.cv\/?cat=6\" rel=\"category\">Noticias<\/a>","comments_num":"0 comments","_links":{"self":[{"href":"https:\/\/radiocomercial.cv\/index.php?rest_route=\/wp\/v2\/posts\/2542","targetHints":{"allow":["GET"]}}],"collection":[{"href":"https:\/\/radiocomercial.cv\/index.php?rest_route=\/wp\/v2\/posts"}],"about":[{"href":"https:\/\/radiocomercial.cv\/index.php?rest_route=\/wp\/v2\/types\/post"}],"author":[{"embeddable":true,"href":"https:\/\/radiocomercial.cv\/index.php?rest_route=\/wp\/v2\/users\/2"}],"replies":[{"embeddable":true,"href":"https:\/\/radiocomercial.cv\/index.php?rest_route=%2Fwp%2Fv2%2Fcomments&post=2542"}],"version-history":[{"count":1,"href":"https:\/\/radiocomercial.cv\/index.php?rest_route=\/wp\/v2\/posts\/2542\/revisions"}],"predecessor-version":[{"id":2544,"href":"https:\/\/radiocomercial.cv\/index.php?rest_route=\/wp\/v2\/posts\/2542\/revisions\/2544"}],"wp:featuredmedia":[{"embeddable":true,"href":"https:\/\/radiocomercial.cv\/index.php?rest_route=\/wp\/v2\/media\/2543"}],"wp:attachment":[{"href":"https:\/\/radiocomercial.cv\/index.php?rest_route=%2Fwp%2Fv2%2Fmedia&parent=2542"}],"wp:term":[{"taxonomy":"category","embeddable":true,"href":"https:\/\/radiocomercial.cv\/index.php?rest_route=%2Fwp%2Fv2%2Fcategories&post=2542"},{"taxonomy":"post_tag","embeddable":true,"href":"https:\/\/radiocomercial.cv\/index.php?rest_route=%2Fwp%2Fv2%2Ftags&post=2542"}],"curies":[{"name":"wp","href":"https:\/\/api.w.org\/{rel}","templated":true}]}}