{"id":2634,"date":"2026-03-11T12:31:01","date_gmt":"2026-03-11T12:31:01","guid":{"rendered":"https:\/\/radiocomercial.cv\/?p=2634"},"modified":"2026-03-11T12:31:04","modified_gmt":"2026-03-11T12:31:04","slug":"techparkcv-acolhe-residencia-artistica-internacional-de-street-art-com-artistas-nacionais-e-estrangeiros","status":"publish","type":"post","link":"https:\/\/radiocomercial.cv\/?p=2634","title":{"rendered":"TechParkCV acolhe resid\u00eancia art\u00edstica internacional de street art com artistas nacionais e estrangeiros"},"content":{"rendered":"\n<p><strong>O TechParkCV, na Praia, acolhe durante dois meses uma resid\u00eancia art\u00edstica de street art, que re\u00fane dezenas de criadores nacionais e internacionais, transformando o espa\u00e7o num laborat\u00f3rio vivo de arte e di\u00e1logo com a comunidade.<\/strong><\/p>\n\n\n\n<p>Segundo J\u00e9ssica Sanches, do conselho de administra\u00e7\u00e3o da Tech ParkCV, que falava \u00e0 Inforpress, a iniciativa, que arrancou segunda-feira, decorre durante dois meses e dever\u00e1 terminar no final de Abril.&nbsp;<\/p>\n\n\n\n<p>O evento, acrescentou, ir\u00e1 promover cria\u00e7\u00e3o art\u00edstica e refor\u00e7ar a liga\u00e7\u00e3o entre arte e tecnologia, num ambiente arquitect\u00f3nico considerado \u00fanico.<\/p>\n\n\n\n<p>Segundo aquela respons\u00e1vel, a iniciativa permite que artistas nacionais e internacionais trabalhem no espa\u00e7o do TechParkCV, promovendo um movimento criativo num local que, pela sua arquitectura, oferece um contexto in\u00e9dito para a produ\u00e7\u00e3o art\u00edstica.<\/p>\n\n\n\n<p>A proposta surgiu atrav\u00e9s do Minist\u00e9rio da Cultura de Cabo Verde, em parceria com o colectivo Le Cercle des Artistes, representado por um filho da di\u00e1spora cabo-verdiana.<\/p>\n\n\n\n<p>De acordo ainda com Jessica Sanches, o projecto foi \u201cimediatamente\u201d acolhido pelo TechParkCV, que disponibilizou as suas instala\u00e7\u00f5es para servir de ponto de partida da resid\u00eancia art\u00edstica.<\/p>\n\n\n\n<p>Durante o per\u00edodo da resid\u00eancia, os artistas ter\u00e3o liberdade para desenvolver diferentes formas de express\u00e3o, incluindo pintura e escultura, acrescentando que paralelamente estar\u00e3o tamb\u00e9m previstos ateli\u00eas art\u00edsticos semanais dirigidos tanto a adultos como a crian\u00e7as, bem como vernissages e exposi\u00e7\u00f5es ao longo de todo o programa.<\/p>\n\n\n\n<p>Inicialmente, o projecto conta com cerca de 40 artistas, embora o n\u00famero esteja em constante actualiza\u00e7\u00e3o, j\u00e1 que continuam a chegar novas propostas de participa\u00e7\u00e3o.<\/p>\n\n\n\n<p>A mesma fonte explicou que cerca de 15 artistas s\u00e3o nacionais e os restantes v\u00eam de v\u00e1rios pa\u00edses.<\/p>\n\n\n\n<p>As obras produzidas durante a resid\u00eancia permanecer\u00e3o expostas no TechParkCV durante um ano e estar\u00e3o abertas ao p\u00fablico e algumas ser\u00e3o instaladas no exterior do complexo.<\/p>\n\n\n\n<p>No entender de J\u00e9ssica Sanches, o projecto representa uma oportunidade para demonstrar que o TechParkCV tamb\u00e9m pode ser um espa\u00e7o de cria\u00e7\u00e3o art\u00edstica, complementando a sua voca\u00e7\u00e3o para a inova\u00e7\u00e3o e tecnologia.<\/p>\n\n\n\n<p>A iniciativa pretende ainda aproximar o p\u00fablico do espa\u00e7o e dar a conhecer as actividades que ali decorrem.<\/p>\n\n\n\n<p>Outro objectivo passa por promover o interc\u00e2mbio entre artistas estrangeiros e criadores cabo-verdianos, refor\u00e7ando a liga\u00e7\u00e3o entre Cabo Verde e a di\u00e1spora.<\/p>\n\n\n\n<p>Quanto \u00e0 inspira\u00e7\u00e3o das obras que ao longo desses dois meses estar\u00e3o sendo desenvolvidas, J\u00e9ssica Sanches sublinhou que a cultura cabo-verdiana estar\u00e1 fortemente presente nas cria\u00e7\u00f5es.<\/p>\n","protected":false},"excerpt":{"rendered":"<p>O TechParkCV, na Praia, acolhe durante dois meses uma resid\u00eancia art\u00edstica de street art, que re\u00fane dezenas de criadores nacionais e internacionais, transformando o espa\u00e7o num laborat\u00f3rio vivo de arte e di\u00e1logo com a comunidade. Segundo J\u00e9ssica Sanches, do conselho de administra\u00e7\u00e3o da Tech ParkCV, que falava \u00e0 Inforpress, a iniciativa, que arrancou segunda-feira, decorre<br \/><a class=\"moretag\" href=\"https:\/\/radiocomercial.cv\/?p=2634\">+ Read More<\/a><\/p>\n","protected":false},"author":2,"featured_media":2635,"comment_status":"open","ping_status":"open","sticky":false,"template":"","format":"standard","meta":{"footnotes":""},"categories":[6],"tags":[],"class_list":["post-2634","post","type-post","status-publish","format-standard","has-post-thumbnail","hentry","category-noticias"],"featured_image_src":"https:\/\/radiocomercial.cv\/wp-content\/uploads\/2026\/03\/TechParkCV-acolhe-residencia-artistica-internacional-2026.jpg","featured_image_src_square":"https:\/\/radiocomercial.cv\/wp-content\/uploads\/2026\/03\/TechParkCV-acolhe-residencia-artistica-internacional-2026.jpg","author_info":{"display_name":"Radio Comercial","author_link":"https:\/\/radiocomercial.cv\/?author=2"},"rbea_author_info":{"display_name":"Radio Comercial","author_link":"https:\/\/radiocomercial.cv\/?author=2"},"rbea_excerpt_info":"O TechParkCV, na Praia, acolhe durante dois meses uma resid\u00eancia art\u00edstica de street art, que re\u00fane dezenas de criadores nacionais e internacionais, transformando o espa\u00e7o num laborat\u00f3rio vivo de arte e di\u00e1logo com a comunidade. Segundo J\u00e9ssica Sanches, do conselho de administra\u00e7\u00e3o da Tech ParkCV, que falava \u00e0 Inforpress, a iniciativa, que arrancou segunda-feira, decorre<br><a class=\"moretag\" href=\"https:\/\/radiocomercial.cv\/?p=2634\">+ Read More<\/a>","category_list":"<a href=\"https:\/\/radiocomercial.cv\/?cat=6\" rel=\"category\">Noticias<\/a>","comments_num":"0 comments","_links":{"self":[{"href":"https:\/\/radiocomercial.cv\/index.php?rest_route=\/wp\/v2\/posts\/2634","targetHints":{"allow":["GET"]}}],"collection":[{"href":"https:\/\/radiocomercial.cv\/index.php?rest_route=\/wp\/v2\/posts"}],"about":[{"href":"https:\/\/radiocomercial.cv\/index.php?rest_route=\/wp\/v2\/types\/post"}],"author":[{"embeddable":true,"href":"https:\/\/radiocomercial.cv\/index.php?rest_route=\/wp\/v2\/users\/2"}],"replies":[{"embeddable":true,"href":"https:\/\/radiocomercial.cv\/index.php?rest_route=%2Fwp%2Fv2%2Fcomments&post=2634"}],"version-history":[{"count":1,"href":"https:\/\/radiocomercial.cv\/index.php?rest_route=\/wp\/v2\/posts\/2634\/revisions"}],"predecessor-version":[{"id":2636,"href":"https:\/\/radiocomercial.cv\/index.php?rest_route=\/wp\/v2\/posts\/2634\/revisions\/2636"}],"wp:featuredmedia":[{"embeddable":true,"href":"https:\/\/radiocomercial.cv\/index.php?rest_route=\/wp\/v2\/media\/2635"}],"wp:attachment":[{"href":"https:\/\/radiocomercial.cv\/index.php?rest_route=%2Fwp%2Fv2%2Fmedia&parent=2634"}],"wp:term":[{"taxonomy":"category","embeddable":true,"href":"https:\/\/radiocomercial.cv\/index.php?rest_route=%2Fwp%2Fv2%2Fcategories&post=2634"},{"taxonomy":"post_tag","embeddable":true,"href":"https:\/\/radiocomercial.cv\/index.php?rest_route=%2Fwp%2Fv2%2Ftags&post=2634"}],"curies":[{"name":"wp","href":"https:\/\/api.w.org\/{rel}","templated":true}]}}