{"id":2637,"date":"2026-03-13T16:17:03","date_gmt":"2026-03-13T16:17:03","guid":{"rendered":"https:\/\/radiocomercial.cv\/?p=2637"},"modified":"2026-03-13T16:17:05","modified_gmt":"2026-03-13T16:17:05","slug":"ministerio-da-cultura-assina-cinco-protocolos-de-parceria-no-ambito-do-cinema-audiovisual-teatro-e-artes-plasticas","status":"publish","type":"post","link":"https:\/\/radiocomercial.cv\/?p=2637","title":{"rendered":"Minist\u00e9rio da Cultura assina cinco protocolos de parceria no \u00e2mbito do cinema, audiovisual, teatro e artes pl\u00e1sticas"},"content":{"rendered":"\n<p>O ministro da Cultura e das Ind\u00fastrias Criativas, Augusto Veiga, assinou esta sexta-feira, 13, cinco protocolos de parceria no \u00e2mbito do cinema, audiovisual, forma\u00e7\u00e3o em teatro e artes pl\u00e1sticas. <\/p>\n\n\n\n<p>Os acordos foram estabelecidos no quadro da produ\u00e7\u00e3o do filme \u201cPlastic Atlantis\u201d, da realizadora Samira Vera-Cruz, com financiamento da Dire\u00e7\u00e3o Nacional do Ambiente, bem como com a Associa\u00e7\u00e3o Cabo-verdiana do Cinema e Audiovisual, com o artista pl\u00e1stico Tutu Sousa, com a HJC Art, com o colectivo Le Cercle des Artistes, liderado por Danny Moura, e com a Companhia de Teatro Fladu Fla.<\/p>\n\n\n\n<p>Augusto Veiga afirmou que estes protocolos s\u00e3o importantes por acreditar que a cultura \u00e9 um factor de desenvolvimento econ\u00f3mico do pa\u00eds, al\u00e9m de contribuir para a promo\u00e7\u00e3o cultural de Cabo Verde, tanto no exterior como internamente, nomeadamente ao n\u00edvel do turismo cultural.<\/p>\n\n\n\n<p>Sobre o cinema, o governante destacou que esta \u00e1rea j\u00e1 tem tradi\u00e7\u00e3o no pa\u00eds e que actualmente existe uma nova gera\u00e7\u00e3o de jovens cineastas que tem vindo a ganhar destaque internacional.<\/p>\n\n\n\n<p>Por sua vez, Samira Vera-Cruz sublinhou que o cinema \u00e9 tamb\u00e9m um produto de promo\u00e7\u00e3o cultural e um instrumento de dinamiza\u00e7\u00e3o econ\u00f3mica.<\/p>\n\n\n\n<p>Relactivamente \u00e0 Associa\u00e7\u00e3o Cabo-verdiana do Cinema e Audiovisual, o ministro explicou que a verba disponibilizada \u00e9 simb\u00f3lica, destinada essencialmente ao funcionamento da associa\u00e7\u00e3o, acrescentando que existem v\u00e1rios outros projectos em prepara\u00e7\u00e3o que est\u00e3o \u00e0 procura de apoio.<\/p>\n\n\n\n<p>O governante anunciou ainda a visita da ministra da Cultura do Brasil a Cabo Verde, durante a qual dever\u00e3o ser assinados protocolos ligados ao cinema, nomeadamente nas \u00e1reas da coprodu\u00e7\u00e3o e colabora\u00e7\u00e3o.<\/p>\n\n\n\n<p>Augusto Veiga acrescentou que o cinema \u00e9 um sector em que o Governo acredita e que continuar\u00e1 a apoiar.<\/p>\n\n\n\n<p>\u201cVamos continuar a suportar o cinema e as v\u00e1rias produ\u00e7\u00f5es cabo-verdianas dentro das nossas possibilidades. Estamos apenas a aguardar a defini\u00e7\u00e3o dos valores no \u00e2mbito da lei da C\u00f3pia Privada para, em breve, avan\u00e7armos com o edital tamb\u00e9m ligado ao cinema\u201d, afirmou.<\/p>\n\n\n\n<p>Para a presidente da Associa\u00e7\u00e3o Cabo-verdiana do Cinema e Audiovisual, C\u00e2ndida Barros, este apoio constitui um incentivo para que mais pessoas abracem o cinema e a cultura em Cabo Verde.<\/p>\n\n\n\n<p>No que diz respeito \u00e0s artes pl\u00e1sticas, Augusto Veiga assegurou que se trata de uma \u00e1rea que tem dado provas tanto no pa\u00eds como no exterior. Como exemplo, referiu o trabalho desenvolvido com Tutu Sousa na Rua da Cultura, na ilha Brava.<\/p>\n\n\n\n<p>\u201cConseguimos transformar uma rua numa verdadeira galeria a c\u00e9u aberto. Foram realizados 12 murais que mudaram completamente o aspeto da rua e elevaram a autoestima das pessoas de Nova Sintra\u201d, afirmou.<\/p>\n\n\n\n<p>Tutu Sousa manifestou satisfa\u00e7\u00e3o com o apoio, afirmando que permitir\u00e1 desenvolver novas iniciativas em prol das artes pl\u00e1sticas em Cabo Verde.<\/p>\n\n\n\n<p>Em rela\u00e7\u00e3o ao projecto com o Le Cercle des Artistes, H\u00e9lder Cardoso destacou a participa\u00e7\u00e3o de artistas cabo-verdianos residentes no pa\u00eds e na di\u00e1spora, referindo que a resid\u00eancia art\u00edstica tem tido uma boa repercuss\u00e3o.<\/p>\n\n\n\n<p>Segundo Augusto Veiga, esta resid\u00eancia art\u00edstica decorrer\u00e1 durante dois meses e os trabalhos produzidos ficar\u00e3o expostos no TechPark CV durante um ano.<\/p>\n\n\n\n<p>\u201cQueremos dar continuidade a este tipo de projectos e mostrar a nossa abertura para iniciativas desta natureza\u201d, afirmou.<\/p>\n\n\n\n<p>H\u00e9lder Cardoso considerou que este protocolo demonstra a sensibilidade do Minist\u00e9rio da Cultura em reconhecer o poder da arte al\u00e9m-fronteiras.<\/p>\n\n\n\n<p>Em rela\u00e7\u00e3o ao teatro, o ministro afirmou que o Governo est\u00e1 a trabalhar com v\u00e1rias companhias representativas em Cabo Verde, reporta Expresso das ilhas.<\/p>\n\n\n\n<p>\u201cJ\u00e1 assin\u00e1mos em S\u00e3o Vicente com a Juventude em Marcha, com o Mindelact e com o SalEncena. Agora assinamos com a Fladu Fla, abrangendo quatro ilhas: Sal, Santo Ant\u00e3o, S\u00e3o Vicente e Santiago. Temos ainda outros pedidos que tamb\u00e9m vamos apoiar\u201d, explicou.<\/p>\n\n\n\n<p>Segundo o governante, o pacote de financiamento ronda os dois mil contos, podendo aumentar com novos apoios.<\/p>\n\n\n\n<p>Para Sheila Martins, este protocolo simboliza um passo significativo no refor\u00e7o da forma\u00e7\u00e3o de actores e na promo\u00e7\u00e3o da qualidade do teatro cabo-verdiano, contribuindo para o desenvolvimento art\u00edstico e cultural do pa\u00eds.<\/p>\n","protected":false},"excerpt":{"rendered":"<p>O ministro da Cultura e das Ind\u00fastrias Criativas, Augusto Veiga, assinou esta sexta-feira, 13, cinco protocolos de parceria no \u00e2mbito do cinema, audiovisual, forma\u00e7\u00e3o em teatro e artes pl\u00e1sticas. Os acordos foram estabelecidos no quadro da produ\u00e7\u00e3o do filme \u201cPlastic Atlantis\u201d, da realizadora Samira Vera-Cruz, com financiamento da Dire\u00e7\u00e3o Nacional do Ambiente, bem como com<br \/><a class=\"moretag\" href=\"https:\/\/radiocomercial.cv\/?p=2637\">+ Read More<\/a><\/p>\n","protected":false},"author":2,"featured_media":2638,"comment_status":"open","ping_status":"open","sticky":false,"template":"","format":"standard","meta":{"footnotes":""},"categories":[6],"tags":[],"class_list":["post-2637","post","type-post","status-publish","format-standard","has-post-thumbnail","hentry","category-noticias"],"featured_image_src":"https:\/\/radiocomercial.cv\/wp-content\/uploads\/2026\/03\/Ministro-da-Cultura-assina-cinco-protocolos-de-parceria-no-ambito-do-cinema-audiovisual-teatro-e-artes-plasticas.jpeg","featured_image_src_square":"https:\/\/radiocomercial.cv\/wp-content\/uploads\/2026\/03\/Ministro-da-Cultura-assina-cinco-protocolos-de-parceria-no-ambito-do-cinema-audiovisual-teatro-e-artes-plasticas.jpeg","author_info":{"display_name":"Radio Comercial","author_link":"https:\/\/radiocomercial.cv\/?author=2"},"rbea_author_info":{"display_name":"Radio Comercial","author_link":"https:\/\/radiocomercial.cv\/?author=2"},"rbea_excerpt_info":"O ministro da Cultura e das Ind\u00fastrias Criativas, Augusto Veiga, assinou esta sexta-feira, 13, cinco protocolos de parceria no \u00e2mbito do cinema, audiovisual, forma\u00e7\u00e3o em teatro e artes pl\u00e1sticas. Os acordos foram estabelecidos no quadro da produ\u00e7\u00e3o do filme \u201cPlastic Atlantis\u201d, da realizadora Samira Vera-Cruz, com financiamento da Dire\u00e7\u00e3o Nacional do Ambiente, bem como com<br><a class=\"moretag\" href=\"https:\/\/radiocomercial.cv\/?p=2637\">+ Read More<\/a>","category_list":"<a href=\"https:\/\/radiocomercial.cv\/?cat=6\" rel=\"category\">Noticias<\/a>","comments_num":"0 comments","_links":{"self":[{"href":"https:\/\/radiocomercial.cv\/index.php?rest_route=\/wp\/v2\/posts\/2637","targetHints":{"allow":["GET"]}}],"collection":[{"href":"https:\/\/radiocomercial.cv\/index.php?rest_route=\/wp\/v2\/posts"}],"about":[{"href":"https:\/\/radiocomercial.cv\/index.php?rest_route=\/wp\/v2\/types\/post"}],"author":[{"embeddable":true,"href":"https:\/\/radiocomercial.cv\/index.php?rest_route=\/wp\/v2\/users\/2"}],"replies":[{"embeddable":true,"href":"https:\/\/radiocomercial.cv\/index.php?rest_route=%2Fwp%2Fv2%2Fcomments&post=2637"}],"version-history":[{"count":1,"href":"https:\/\/radiocomercial.cv\/index.php?rest_route=\/wp\/v2\/posts\/2637\/revisions"}],"predecessor-version":[{"id":2639,"href":"https:\/\/radiocomercial.cv\/index.php?rest_route=\/wp\/v2\/posts\/2637\/revisions\/2639"}],"wp:featuredmedia":[{"embeddable":true,"href":"https:\/\/radiocomercial.cv\/index.php?rest_route=\/wp\/v2\/media\/2638"}],"wp:attachment":[{"href":"https:\/\/radiocomercial.cv\/index.php?rest_route=%2Fwp%2Fv2%2Fmedia&parent=2637"}],"wp:term":[{"taxonomy":"category","embeddable":true,"href":"https:\/\/radiocomercial.cv\/index.php?rest_route=%2Fwp%2Fv2%2Fcategories&post=2637"},{"taxonomy":"post_tag","embeddable":true,"href":"https:\/\/radiocomercial.cv\/index.php?rest_route=%2Fwp%2Fv2%2Ftags&post=2637"}],"curies":[{"name":"wp","href":"https:\/\/api.w.org\/{rel}","templated":true}]}}