{"id":2640,"date":"2026-03-13T18:36:03","date_gmt":"2026-03-13T18:36:03","guid":{"rendered":"https:\/\/radiocomercial.cv\/?p=2640"},"modified":"2026-03-13T18:36:06","modified_gmt":"2026-03-13T18:36:06","slug":"10-a-edicao-do-grito-rock-praia-arranca-no-dia-25-deste-mes-com-grito-cinema","status":"publish","type":"post","link":"https:\/\/radiocomercial.cv\/?p=2640","title":{"rendered":"10.\u00aa Edi\u00e7\u00e3o do Grito Rock Praia arranca no dia 25 deste m\u00eas com Grito Cinema"},"content":{"rendered":"\n<p><strong>O Grito Rock Praia 2026 decorre de 25 a 29 deste m\u00eas, na Cidade da Praia, com uma programa\u00e7\u00e3o diversificada que inclui cinema, encontros culturais, m\u00fasica e interc\u00e2mbio art\u00edstico.<\/strong><\/p>\n\n\n\n<p>No dia 25, acontece o Grito Cinema com exibi\u00e7\u00e3o do document\u00e1rio \u201cBatuku de Tareza\u201d, obra que retrata a hist\u00f3ria de uma das grandes refer\u00eancias do batuco cabo-verdiano, destacando o papel das mulheres na m\u00fasica e na preserva\u00e7\u00e3o da tradi\u00e7\u00e3o cultural.<\/p>\n\n\n\n<p>No dia 27, haver\u00e1 Grito Encontro, que ser\u00e1 um momento de confraterniza\u00e7\u00e3o e partilha entre as bandas participantes, parceiros e amigos do festival, com momento musical protagonizado pela banda Tribo Alternativo.<\/p>\n\n\n\n<p>E no dia 28, acontece o Festival Grito Rock Praia, um show de m\u00fasica alternativa com actua\u00e7\u00e3o das cinco bandas nacionais e internacionais, na Pracinha da Escola Grande, entre 17h00 e 23h50. Este ser\u00e1 o momento alto da programa\u00e7\u00e3o.<\/p>\n\n\n\n<p>No mesmo dia, ser\u00e1 realizado o Grito Jam, que ser\u00e1 uma sess\u00e3o de interc\u00e2mbio musical e conv\u00edvio entre artistas ap\u00f3s o festival, no Kebra Kabana, a partir das 23h50.<\/p>\n\n\n\n<p>J\u00e1 no dia 29, acontece o Grito Aberto, uma visita cultural ao centro hist\u00f3rico da Cidade Velha, promovendo momentos de interc\u00e2mbio entre artistas e contacto com a hist\u00f3ria e o patrim\u00f3nio cultural de Cabo Verde.<\/p>\n\n\n\n<p>A organiza\u00e7\u00e3o do Grito Rock Praia anunciou esta sexta-feira, 13, as bandas que ir\u00e3o subir ao palco da 10\u00aa edi\u00e7\u00e3o do festival, marcada para o pr\u00f3ximo dia 28 de Mar\u00e7o, na Pracinha da Escola Grande, no Plateau, entre 17h00 e 23h50.<\/p>\n\n\n\n<p>Este ano, o festival conta com a participa\u00e7\u00e3o de cinco bandas: tr\u00eas nacionais e duas internacionais, que prometem transformar a Cidade da Praia numa grande celebra\u00e7\u00e3o da m\u00fasica alternativa, assinalando dez edi\u00e7\u00f5es de hist\u00f3ria, resist\u00eancia e interc\u00e2mbio cultural, avan\u00e7a Expresso das ilhas.<\/p>\n\n\n\n<p>Tomy Hegel Band (Santiago), Freak (S\u00e3o Vicente), Primitive (Santiago), Torp (Ilhas \u00c5land) e Black Widows (Portugal) s\u00e3o as bandas que v\u00e3o actuar no festival.<\/p>\n\n\n\n<p><strong>Campanha ambiental<\/strong><\/p>\n\n\n\n<p>Nesta edi\u00e7\u00e3o, o festival promove a campanha ambiental \u201cUm por Todos e Todos por Zero\u201d, integrada no movimento #MundoSemPl\u00e1stico.<\/p>\n\n\n\n<p>Conforme a organiza\u00e7\u00e3o, a iniciativa pretende sensibilizar o p\u00fablico para o uso respons\u00e1vel do pl\u00e1stico descart\u00e1vel, incentivando pr\u00e1ticas mais conscientes em prol de um planeta mais sustent\u00e1vel.<\/p>\n\n\n\n<p>Para a organiza\u00e7\u00e3o, a campanha desafia todos a reduzirem o uso de pl\u00e1stico descart\u00e1vel.<\/p>\n\n\n\n<p>\u201cO objectivo do Movimento #MundoSemPlastico \u00e9, durante um m\u00eas, desafiar pessoas e empresas a acondicionar todo o pl\u00e1stico gerado, para visualizar a quantidade deste res\u00edduo que geram\u201d, ressalta.<\/p>\n\n\n\n<p>A organiza\u00e7\u00e3o explica que a ideia \u00e9 que quem participar do desafio possa entender qual a percentagem dos pl\u00e1sticos gerados de facto \u00e9 recicl\u00e1vel e o quanto n\u00e3o \u00e9 recicl\u00e1vel. \u201cAl\u00e9m disso, entender o quanto seu res\u00edduo pl\u00e1stico auxilia na renda de cooperativas de reciclagem, entendendo o valor que esse res\u00edduo possui\u201d.<\/p>\n","protected":false},"excerpt":{"rendered":"<p>O Grito Rock Praia 2026 decorre de 25 a 29 deste m\u00eas, na Cidade da Praia, com uma programa\u00e7\u00e3o diversificada que inclui cinema, encontros culturais, m\u00fasica e interc\u00e2mbio art\u00edstico. No dia 25, acontece o Grito Cinema com exibi\u00e7\u00e3o do document\u00e1rio \u201cBatuku de Tareza\u201d, obra que retrata a hist\u00f3ria de uma das grandes refer\u00eancias do batuco<br \/><a class=\"moretag\" href=\"https:\/\/radiocomercial.cv\/?p=2640\">+ Read More<\/a><\/p>\n","protected":false},"author":2,"featured_media":2641,"comment_status":"open","ping_status":"open","sticky":false,"template":"","format":"standard","meta":{"footnotes":""},"categories":[6],"tags":[],"class_list":["post-2640","post","type-post","status-publish","format-standard","has-post-thumbnail","hentry","category-noticias"],"featured_image_src":"https:\/\/radiocomercial.cv\/wp-content\/uploads\/2026\/03\/\u200b10.a-Edicao-do-Grito-Rock-Praia-2026.jpeg","featured_image_src_square":"https:\/\/radiocomercial.cv\/wp-content\/uploads\/2026\/03\/\u200b10.a-Edicao-do-Grito-Rock-Praia-2026.jpeg","author_info":{"display_name":"Radio Comercial","author_link":"https:\/\/radiocomercial.cv\/?author=2"},"rbea_author_info":{"display_name":"Radio Comercial","author_link":"https:\/\/radiocomercial.cv\/?author=2"},"rbea_excerpt_info":"O Grito Rock Praia 2026 decorre de 25 a 29 deste m\u00eas, na Cidade da Praia, com uma programa\u00e7\u00e3o diversificada que inclui cinema, encontros culturais, m\u00fasica e interc\u00e2mbio art\u00edstico. No dia 25, acontece o Grito Cinema com exibi\u00e7\u00e3o do document\u00e1rio \u201cBatuku de Tareza\u201d, obra que retrata a hist\u00f3ria de uma das grandes refer\u00eancias do batuco<br><a class=\"moretag\" href=\"https:\/\/radiocomercial.cv\/?p=2640\">+ Read More<\/a>","category_list":"<a href=\"https:\/\/radiocomercial.cv\/?cat=6\" rel=\"category\">Noticias<\/a>","comments_num":"0 comments","_links":{"self":[{"href":"https:\/\/radiocomercial.cv\/index.php?rest_route=\/wp\/v2\/posts\/2640","targetHints":{"allow":["GET"]}}],"collection":[{"href":"https:\/\/radiocomercial.cv\/index.php?rest_route=\/wp\/v2\/posts"}],"about":[{"href":"https:\/\/radiocomercial.cv\/index.php?rest_route=\/wp\/v2\/types\/post"}],"author":[{"embeddable":true,"href":"https:\/\/radiocomercial.cv\/index.php?rest_route=\/wp\/v2\/users\/2"}],"replies":[{"embeddable":true,"href":"https:\/\/radiocomercial.cv\/index.php?rest_route=%2Fwp%2Fv2%2Fcomments&post=2640"}],"version-history":[{"count":1,"href":"https:\/\/radiocomercial.cv\/index.php?rest_route=\/wp\/v2\/posts\/2640\/revisions"}],"predecessor-version":[{"id":2642,"href":"https:\/\/radiocomercial.cv\/index.php?rest_route=\/wp\/v2\/posts\/2640\/revisions\/2642"}],"wp:featuredmedia":[{"embeddable":true,"href":"https:\/\/radiocomercial.cv\/index.php?rest_route=\/wp\/v2\/media\/2641"}],"wp:attachment":[{"href":"https:\/\/radiocomercial.cv\/index.php?rest_route=%2Fwp%2Fv2%2Fmedia&parent=2640"}],"wp:term":[{"taxonomy":"category","embeddable":true,"href":"https:\/\/radiocomercial.cv\/index.php?rest_route=%2Fwp%2Fv2%2Fcategories&post=2640"},{"taxonomy":"post_tag","embeddable":true,"href":"https:\/\/radiocomercial.cv\/index.php?rest_route=%2Fwp%2Fv2%2Ftags&post=2640"}],"curies":[{"name":"wp","href":"https:\/\/api.w.org\/{rel}","templated":true}]}}