{"id":2643,"date":"2026-03-16T12:15:38","date_gmt":"2026-03-16T12:15:38","guid":{"rendered":"https:\/\/radiocomercial.cv\/?p=2643"},"modified":"2026-03-16T12:15:40","modified_gmt":"2026-03-16T12:15:40","slug":"estadio-nacional-passa-a-chamar-se-estadio-tubaroes-azuis","status":"publish","type":"post","link":"https:\/\/radiocomercial.cv\/?p=2643","title":{"rendered":"Est\u00e1dio Nacional passa a chamar-se Est\u00e1dio Tubar\u00f5es Azuis"},"content":{"rendered":"\n<p><strong>O Governo decidiu atribuir ao Est\u00e1dio Nacional a designa\u00e7\u00e3o oficial de Est\u00e1dio Tubar\u00f5es Azuis, numa medida que visa homenagear as selec\u00e7\u00f5es nacionais e todos os agentes que contribu\u00edram para o desenvolvimento do desporto no pa\u00eds.<\/strong><\/p>\n\n\n\n<p>A decis\u00e3o consta de uma resolu\u00e7\u00e3o publicada no Boletim Oficial de sexta-feira, 13.<\/p>\n\n\n\n<p>De acordo com o documento, a altera\u00e7\u00e3o da designa\u00e7\u00e3o reconhece o papel das selec\u00e7\u00f5es nacionais, conhecidas como Tubar\u00f5es Azuis, na promo\u00e7\u00e3o da imagem de Cabo Verde no plano internacional e no refor\u00e7o do orgulho e da unidade nacionais.<\/p>\n\n\n\n<p>A resolu\u00e7\u00e3o sublinha ainda que a Constitui\u00e7\u00e3o da Rep\u00fablica consagra o desporto como factor de desenvolvimento humano, de coes\u00e3o social e de afirma\u00e7\u00e3o nacional. Neste contexto, o Est\u00e1dio Nacional \u00e9 considerado a principal infra-estrutura desportiva do pa\u00eds e um dos s\u00edmbolos mais relevantes da identidade desportiva cabo-verdiana.<\/p>\n\n\n\n<p>Segundo o Governo, a nova designa\u00e7\u00e3o constitui tamb\u00e9m uma homenagem institucional aos atletas, dirigentes, t\u00e9cnicos e demais agentes desportivos que, sob o s\u00edmbolo dos Tubar\u00f5es Azuis, t\u00eam contribu\u00eddo para a afirma\u00e7\u00e3o e o prest\u00edgio de Cabo Verde, avan\u00e7a Expresso das ilhas.<\/p>\n\n\n\n<p>O executivo entende igualmente que a designa\u00e7\u00e3o Est\u00e1dio Tubar\u00f5es Azuis refor\u00e7a o simbolismo e a identidade do principal palco desportivo nacional, al\u00e9m de valorizar o est\u00e1dio enquanto patrim\u00f3nio p\u00fablico, espa\u00e7o de promo\u00e7\u00e3o do desporto e da juventude e instrumento de projec\u00e7\u00e3o internacional do pa\u00eds.<\/p>\n","protected":false},"excerpt":{"rendered":"<p>O Governo decidiu atribuir ao Est\u00e1dio Nacional a designa\u00e7\u00e3o oficial de Est\u00e1dio Tubar\u00f5es Azuis, numa medida que visa homenagear as selec\u00e7\u00f5es nacionais e todos os agentes que contribu\u00edram para o desenvolvimento do desporto no pa\u00eds. A decis\u00e3o consta de uma resolu\u00e7\u00e3o publicada no Boletim Oficial de sexta-feira, 13. De acordo com o documento, a altera\u00e7\u00e3o<br \/><a class=\"moretag\" href=\"https:\/\/radiocomercial.cv\/?p=2643\">+ Read More<\/a><\/p>\n","protected":false},"author":2,"featured_media":2644,"comment_status":"open","ping_status":"open","sticky":false,"template":"","format":"standard","meta":{"footnotes":""},"categories":[6],"tags":[],"class_list":["post-2643","post","type-post","status-publish","format-standard","has-post-thumbnail","hentry","category-noticias"],"featured_image_src":"https:\/\/radiocomercial.cv\/wp-content\/uploads\/2026\/03\/Estadio-Nacional-passa-a-chamar-Estadio-Tubaroes-Azuis.jpeg","featured_image_src_square":"https:\/\/radiocomercial.cv\/wp-content\/uploads\/2026\/03\/Estadio-Nacional-passa-a-chamar-Estadio-Tubaroes-Azuis.jpeg","author_info":{"display_name":"Radio Comercial","author_link":"https:\/\/radiocomercial.cv\/?author=2"},"rbea_author_info":{"display_name":"Radio Comercial","author_link":"https:\/\/radiocomercial.cv\/?author=2"},"rbea_excerpt_info":"O Governo decidiu atribuir ao Est\u00e1dio Nacional a designa\u00e7\u00e3o oficial de Est\u00e1dio Tubar\u00f5es Azuis, numa medida que visa homenagear as selec\u00e7\u00f5es nacionais e todos os agentes que contribu\u00edram para o desenvolvimento do desporto no pa\u00eds. A decis\u00e3o consta de uma resolu\u00e7\u00e3o publicada no Boletim Oficial de sexta-feira, 13. De acordo com o documento, a altera\u00e7\u00e3o<br><a class=\"moretag\" href=\"https:\/\/radiocomercial.cv\/?p=2643\">+ Read More<\/a>","category_list":"<a href=\"https:\/\/radiocomercial.cv\/?cat=6\" rel=\"category\">Noticias<\/a>","comments_num":"0 comments","_links":{"self":[{"href":"https:\/\/radiocomercial.cv\/index.php?rest_route=\/wp\/v2\/posts\/2643","targetHints":{"allow":["GET"]}}],"collection":[{"href":"https:\/\/radiocomercial.cv\/index.php?rest_route=\/wp\/v2\/posts"}],"about":[{"href":"https:\/\/radiocomercial.cv\/index.php?rest_route=\/wp\/v2\/types\/post"}],"author":[{"embeddable":true,"href":"https:\/\/radiocomercial.cv\/index.php?rest_route=\/wp\/v2\/users\/2"}],"replies":[{"embeddable":true,"href":"https:\/\/radiocomercial.cv\/index.php?rest_route=%2Fwp%2Fv2%2Fcomments&post=2643"}],"version-history":[{"count":1,"href":"https:\/\/radiocomercial.cv\/index.php?rest_route=\/wp\/v2\/posts\/2643\/revisions"}],"predecessor-version":[{"id":2645,"href":"https:\/\/radiocomercial.cv\/index.php?rest_route=\/wp\/v2\/posts\/2643\/revisions\/2645"}],"wp:featuredmedia":[{"embeddable":true,"href":"https:\/\/radiocomercial.cv\/index.php?rest_route=\/wp\/v2\/media\/2644"}],"wp:attachment":[{"href":"https:\/\/radiocomercial.cv\/index.php?rest_route=%2Fwp%2Fv2%2Fmedia&parent=2643"}],"wp:term":[{"taxonomy":"category","embeddable":true,"href":"https:\/\/radiocomercial.cv\/index.php?rest_route=%2Fwp%2Fv2%2Fcategories&post=2643"},{"taxonomy":"post_tag","embeddable":true,"href":"https:\/\/radiocomercial.cv\/index.php?rest_route=%2Fwp%2Fv2%2Ftags&post=2643"}],"curies":[{"name":"wp","href":"https:\/\/api.w.org\/{rel}","templated":true}]}}