{"id":2646,"date":"2026-03-16T16:16:12","date_gmt":"2026-03-16T16:16:12","guid":{"rendered":"https:\/\/radiocomercial.cv\/?p=2646"},"modified":"2026-03-16T16:16:14","modified_gmt":"2026-03-16T16:16:14","slug":"taxi-seguro-arranca-na-praia-para-reforcar-seguranca-de-taxistas-e-passageiros","status":"publish","type":"post","link":"https:\/\/radiocomercial.cv\/?p=2646","title":{"rendered":"T\u00e1xi Seguro arranca na Praia para refor\u00e7ar seguran\u00e7a de taxistas e passageiros"},"content":{"rendered":"\n<p><strong>Cabo Verde passa a contar, a partir de hoje, com a aplica\u00e7\u00e3o \u201cT\u00e1xi Seguro\u201d, uma iniciativa que pretende refor\u00e7ar a seguran\u00e7a e modernizar o servi\u00e7o de transporte de t\u00e1xis no pa\u00eds. Os t\u00e1xis passam a estar ligados ao centro de comando da Pol\u00edcia Nacional, permitindo uma resposta mais r\u00e1pida em situa\u00e7\u00f5es de emerg\u00eancia.<\/strong><\/p>\n\n\n\n<p>Declara\u00e7\u00f5es do ministro da Administra\u00e7\u00e3o Interna, Paulo Rocha, esta manh\u00e3, \u00e0 margem da apresenta\u00e7\u00e3o do projecto \u201cT\u00e1xi Seguro\u201d, no TechPark, na cidade da Praia.<\/p>\n\n\n\n<p>\u201cEste \u00e9 um projeto estruturante para o setor em termos da seguran\u00e7a, mas tamb\u00e9m em termos da facilita\u00e7\u00e3o daquilo que \u00e9 a atividade dos t\u00e1xis em Cabo Verde. A val\u00eancia seguran\u00e7a \u00e9 fundamental. Os t\u00e1xis passam a estar conectados com o centro de comando da Pol\u00edcia Nacional. Mas as pessoas tamb\u00e9m podem, atrav\u00e9s do aplicativo, seguir o t\u00e1xi, pedir o t\u00e1xi. H\u00e1 aqui um conjunto de val\u00eancias que s\u00e3o estruturantes e que v\u00e3o mudar o setor\u201d, afirma.<\/p>\n\n\n\n<p>De acordo com o ministro, a implementa\u00e7\u00e3o do projeto ser\u00e1 feita de forma gradual e por fases.<\/p>\n\n\n\n<p>\u201cCome\u00e7a na cidade da Praia, depois estende-se para S\u00e3o Vicente e Sal e num segundo momento para todo o pa\u00eds onde existem t\u00e1xis. \u00c9 importante que seja de facto gradual, e faseado para que todos tenham a oportunidade de conseguir saber como funciona, as forma\u00e7\u00f5es necess\u00e1rias para os taxistas, para os propriet\u00e1rios e para a pr\u00f3pria Pol\u00edcia Nacional\u201d, refere.<\/p>\n\n\n\n<p>Para o CEO da Smart Solution, Igor Fonseca, empresa respons\u00e1vel pelo desenvolvimento da aplica\u00e7\u00e3o, o \u201cT\u00e1xi Seguro\u201d traz uma nova realidade para Cabo Verde.<\/p>\n\n\n\n<p>\u201cO t\u00e1xi seguro permite que qualquer usu\u00e1rio, atrav\u00e9s de seu telem\u00f3vel, solicite um t\u00e1xi de forma r\u00e1pida e segura, n\u00e3o tem que se deslocar para a estrada, principalmente de noite, que muitos assaltos s\u00e3o motivado por algu\u00e9m que se desloca para ir para a estrada principal e pede um t\u00e1xi ou espera um t\u00e1xi. Ent\u00e3o, a partir desse momento, a partir da sua casa, solicita-se um t\u00e1xi, espera o t\u00e1xi, v\u00ea o t\u00e1xi, confirma matr\u00edcula e taxista, que \u00e9 certificado e sabe que vai viajar em seguran\u00e7a\u201d, explica.<\/p>\n\n\n\n<p>A aplica\u00e7\u00e3o conta com um bot\u00e3o de p\u00e2nico, tanto para o passageiro como para o taxista, permitindo uma comunica\u00e7\u00e3o imediata com as autoridades em caso de perigo, avan\u00e7a Expresso das ilhas.<\/p>\n\n\n\n<p>O projeto \u201cT\u00e1xi Seguro\u201d consiste na implementa\u00e7\u00e3o de um sistema integrado de comunica\u00e7\u00e3o e seguran\u00e7a nos t\u00e1xis, ligado ao projeto Cidade Segura.<\/p>\n","protected":false},"excerpt":{"rendered":"<p>Cabo Verde passa a contar, a partir de hoje, com a aplica\u00e7\u00e3o \u201cT\u00e1xi Seguro\u201d, uma iniciativa que pretende refor\u00e7ar a seguran\u00e7a e modernizar o servi\u00e7o de transporte de t\u00e1xis no pa\u00eds. Os t\u00e1xis passam a estar ligados ao centro de comando da Pol\u00edcia Nacional, permitindo uma resposta mais r\u00e1pida em situa\u00e7\u00f5es de emerg\u00eancia. Declara\u00e7\u00f5es do<br \/><a class=\"moretag\" href=\"https:\/\/radiocomercial.cv\/?p=2646\">+ Read More<\/a><\/p>\n","protected":false},"author":2,"featured_media":2647,"comment_status":"open","ping_status":"open","sticky":false,"template":"","format":"standard","meta":{"footnotes":""},"categories":[6],"tags":[],"class_list":["post-2646","post","type-post","status-publish","format-standard","has-post-thumbnail","hentry","category-noticias"],"featured_image_src":"https:\/\/radiocomercial.cv\/wp-content\/uploads\/2026\/03\/Taxi-Seguro-arranca-na-Praia-para-reforcar-seguranca-de-taxistas-e-passageiros.jpeg","featured_image_src_square":"https:\/\/radiocomercial.cv\/wp-content\/uploads\/2026\/03\/Taxi-Seguro-arranca-na-Praia-para-reforcar-seguranca-de-taxistas-e-passageiros.jpeg","author_info":{"display_name":"Radio Comercial","author_link":"https:\/\/radiocomercial.cv\/?author=2"},"rbea_author_info":{"display_name":"Radio Comercial","author_link":"https:\/\/radiocomercial.cv\/?author=2"},"rbea_excerpt_info":"Cabo Verde passa a contar, a partir de hoje, com a aplica\u00e7\u00e3o \u201cT\u00e1xi Seguro\u201d, uma iniciativa que pretende refor\u00e7ar a seguran\u00e7a e modernizar o servi\u00e7o de transporte de t\u00e1xis no pa\u00eds. Os t\u00e1xis passam a estar ligados ao centro de comando da Pol\u00edcia Nacional, permitindo uma resposta mais r\u00e1pida em situa\u00e7\u00f5es de emerg\u00eancia. Declara\u00e7\u00f5es do<br><a class=\"moretag\" href=\"https:\/\/radiocomercial.cv\/?p=2646\">+ Read More<\/a>","category_list":"<a href=\"https:\/\/radiocomercial.cv\/?cat=6\" rel=\"category\">Noticias<\/a>","comments_num":"0 comments","_links":{"self":[{"href":"https:\/\/radiocomercial.cv\/index.php?rest_route=\/wp\/v2\/posts\/2646","targetHints":{"allow":["GET"]}}],"collection":[{"href":"https:\/\/radiocomercial.cv\/index.php?rest_route=\/wp\/v2\/posts"}],"about":[{"href":"https:\/\/radiocomercial.cv\/index.php?rest_route=\/wp\/v2\/types\/post"}],"author":[{"embeddable":true,"href":"https:\/\/radiocomercial.cv\/index.php?rest_route=\/wp\/v2\/users\/2"}],"replies":[{"embeddable":true,"href":"https:\/\/radiocomercial.cv\/index.php?rest_route=%2Fwp%2Fv2%2Fcomments&post=2646"}],"version-history":[{"count":1,"href":"https:\/\/radiocomercial.cv\/index.php?rest_route=\/wp\/v2\/posts\/2646\/revisions"}],"predecessor-version":[{"id":2648,"href":"https:\/\/radiocomercial.cv\/index.php?rest_route=\/wp\/v2\/posts\/2646\/revisions\/2648"}],"wp:featuredmedia":[{"embeddable":true,"href":"https:\/\/radiocomercial.cv\/index.php?rest_route=\/wp\/v2\/media\/2647"}],"wp:attachment":[{"href":"https:\/\/radiocomercial.cv\/index.php?rest_route=%2Fwp%2Fv2%2Fmedia&parent=2646"}],"wp:term":[{"taxonomy":"category","embeddable":true,"href":"https:\/\/radiocomercial.cv\/index.php?rest_route=%2Fwp%2Fv2%2Fcategories&post=2646"},{"taxonomy":"post_tag","embeddable":true,"href":"https:\/\/radiocomercial.cv\/index.php?rest_route=%2Fwp%2Fv2%2Ftags&post=2646"}],"curies":[{"name":"wp","href":"https:\/\/api.w.org\/{rel}","templated":true}]}}