{"id":2698,"date":"2026-04-30T16:16:34","date_gmt":"2026-04-30T16:16:34","guid":{"rendered":"https:\/\/radiocomercial.cv\/?p=2698"},"modified":"2026-04-30T16:16:36","modified_gmt":"2026-04-30T16:16:36","slug":"cidade-da-praia-recebe-jazz-day","status":"publish","type":"post","link":"https:\/\/radiocomercial.cv\/?p=2698","title":{"rendered":"Cidade da Praia recebe \u201cJazz Day\u201d"},"content":{"rendered":"\n<p><strong>A Cidade da Praia recebe, no \u00e2mbito da celebra\u00e7\u00e3o do Dia Internacional do Jazz, assinalado a 30 de Abril, o evento musical \u201cJazz Day\u201d, que contar\u00e1 com a actua\u00e7\u00e3o de Ivanilson Lima, Tommy Hegel, Djunta Raiz, Trio Trap\u00e9zius, Alicia Freitas e MuBop.<\/strong><\/p>\n\n\n\n<p>O evento ter\u00e1 lugar no bairro Craveiro Lopes, onde as bandas ter\u00e3o a oportunidade de se apresentar durante 30 minutos, oferecendo uma amostra diversificada do jazz nas suas v\u00e1rias vertentes. As actua\u00e7\u00f5es ser\u00e3o complementadas por DJ, com difus\u00e3o de m\u00fasica jazz.<\/p>\n\n\n\n<p>Segundo uma nota enviada, o Dia Internacional do Jazz \u00e9 uma data importante para celebrar a diversidade, a criatividade e a uni\u00e3o que este g\u00e9nero musical promove a n\u00edvel mundial.<\/p>\n\n\n\n<p>A mesma fonte indica que a efem\u00e9ride visa n\u00e3o apenas celebrar o jazz, mas tamb\u00e9m proporcionar uma plataforma para artistas locais, fomentar a troca cultural e promover o acesso \u00e0 m\u00fasica de qualidade junto da comunidade, refor\u00e7ando o compromisso com a cultura e a arte como meios de transforma\u00e7\u00e3o social, educacional e comunit\u00e1ria.<\/p>\n\n\n\n<p>Na Cidade da Praia, a organiza\u00e7\u00e3o do festival est\u00e1 a cargo de uma comiss\u00e3o de m\u00fasicos e apreciadores de jazz, nomeadamente o clube de jazz Conclave de F\u00e1, a associa\u00e7\u00e3o \u00c9quinoxe e a empresa Metrika.<\/p>\n\n\n\n<p>O \u201cJazz Day\u201d conta ainda com o apoio da empresa STAGE&amp;REC e da Artikul CJ na componente t\u00e9cnica, bem como da InSulada e da iniciativa NUUBAI na log\u00edstica e organiza\u00e7\u00e3o.<\/p>\n\n\n\n<p>De acordo com a mesma fonte, o objectivo do festival \u00e9 assinalar o Dia Internacional do Jazz com a apresenta\u00e7\u00e3o de artistas e bandas locais, promovendo a diversidade cultural e valorizando o talento nacional, avan\u00e7a Expresso das ilhas.<\/p>\n\n\n\n<p>O evento pretende ainda integrar a popula\u00e7\u00e3o num espect\u00e1culo gratuito e acess\u00edvel, estimular o interesse do p\u00fablico jovem e adulto pelo jazz, promover a educa\u00e7\u00e3o musical e o interc\u00e2mbio cultural, bem como refor\u00e7ar a import\u00e2ncia da m\u00fasica como ferramenta de inclus\u00e3o social. Pretende tamb\u00e9m estreitar la\u00e7os culturais com a comunidade internacional, atrav\u00e9s da colabora\u00e7\u00e3o com a UNESCO.<\/p>\n\n\n\n<p>De recordar que o Dia Internacional do Jazz \u00e9 celebrado a 30 de Abril, tendo sido institu\u00eddo pela UNESCO em 2011, por iniciativa de Herbie Hancock, com o objectivo de destacar este g\u00e9nero musical como uma for\u00e7a de paz, liberdade e di\u00e1logo intercultural.<\/p>\n","protected":false},"excerpt":{"rendered":"<p>A Cidade da Praia recebe, no \u00e2mbito da celebra\u00e7\u00e3o do Dia Internacional do Jazz, assinalado a 30 de Abril, o evento musical \u201cJazz Day\u201d, que contar\u00e1 com a actua\u00e7\u00e3o de Ivanilson Lima, Tommy Hegel, Djunta Raiz, Trio Trap\u00e9zius, Alicia Freitas e MuBop. O evento ter\u00e1 lugar no bairro Craveiro Lopes, onde as bandas ter\u00e3o a<br \/><a class=\"moretag\" href=\"https:\/\/radiocomercial.cv\/?p=2698\">+ Read More<\/a><\/p>\n","protected":false},"author":2,"featured_media":2699,"comment_status":"open","ping_status":"open","sticky":false,"template":"","format":"standard","meta":{"footnotes":""},"categories":[6],"tags":[],"class_list":["post-2698","post","type-post","status-publish","format-standard","has-post-thumbnail","hentry","category-noticias"],"featured_image_src":"https:\/\/radiocomercial.cv\/wp-content\/uploads\/2026\/04\/Cidade-da-Praia-recebe-Jazz-Day-2026.jpeg","featured_image_src_square":"https:\/\/radiocomercial.cv\/wp-content\/uploads\/2026\/04\/Cidade-da-Praia-recebe-Jazz-Day-2026.jpeg","author_info":{"display_name":"Radio Comercial","author_link":"https:\/\/radiocomercial.cv\/?author=2"},"rbea_author_info":{"display_name":"Radio Comercial","author_link":"https:\/\/radiocomercial.cv\/?author=2"},"rbea_excerpt_info":"A Cidade da Praia recebe, no \u00e2mbito da celebra\u00e7\u00e3o do Dia Internacional do Jazz, assinalado a 30 de Abril, o evento musical \u201cJazz Day\u201d, que contar\u00e1 com a actua\u00e7\u00e3o de Ivanilson Lima, Tommy Hegel, Djunta Raiz, Trio Trap\u00e9zius, Alicia Freitas e MuBop. O evento ter\u00e1 lugar no bairro Craveiro Lopes, onde as bandas ter\u00e3o a<br><a class=\"moretag\" href=\"https:\/\/radiocomercial.cv\/?p=2698\">+ Read More<\/a>","category_list":"<a href=\"https:\/\/radiocomercial.cv\/?cat=6\" rel=\"category\">Noticias<\/a>","comments_num":"0 comments","_links":{"self":[{"href":"https:\/\/radiocomercial.cv\/index.php?rest_route=\/wp\/v2\/posts\/2698","targetHints":{"allow":["GET"]}}],"collection":[{"href":"https:\/\/radiocomercial.cv\/index.php?rest_route=\/wp\/v2\/posts"}],"about":[{"href":"https:\/\/radiocomercial.cv\/index.php?rest_route=\/wp\/v2\/types\/post"}],"author":[{"embeddable":true,"href":"https:\/\/radiocomercial.cv\/index.php?rest_route=\/wp\/v2\/users\/2"}],"replies":[{"embeddable":true,"href":"https:\/\/radiocomercial.cv\/index.php?rest_route=%2Fwp%2Fv2%2Fcomments&post=2698"}],"version-history":[{"count":1,"href":"https:\/\/radiocomercial.cv\/index.php?rest_route=\/wp\/v2\/posts\/2698\/revisions"}],"predecessor-version":[{"id":2700,"href":"https:\/\/radiocomercial.cv\/index.php?rest_route=\/wp\/v2\/posts\/2698\/revisions\/2700"}],"wp:featuredmedia":[{"embeddable":true,"href":"https:\/\/radiocomercial.cv\/index.php?rest_route=\/wp\/v2\/media\/2699"}],"wp:attachment":[{"href":"https:\/\/radiocomercial.cv\/index.php?rest_route=%2Fwp%2Fv2%2Fmedia&parent=2698"}],"wp:term":[{"taxonomy":"category","embeddable":true,"href":"https:\/\/radiocomercial.cv\/index.php?rest_route=%2Fwp%2Fv2%2Fcategories&post=2698"},{"taxonomy":"post_tag","embeddable":true,"href":"https:\/\/radiocomercial.cv\/index.php?rest_route=%2Fwp%2Fv2%2Ftags&post=2698"}],"curies":[{"name":"wp","href":"https:\/\/api.w.org\/{rel}","templated":true}]}}