{"id":2701,"date":"2026-04-30T16:21:22","date_gmt":"2026-04-30T16:21:22","guid":{"rendered":"https:\/\/radiocomercial.cv\/?p=2701"},"modified":"2026-04-30T16:21:24","modified_gmt":"2026-04-30T16:21:24","slug":"maio-acolhe-festival-nacional-de-tabanca","status":"publish","type":"post","link":"https:\/\/radiocomercial.cv\/?p=2701","title":{"rendered":"Maio acolhe \u201cFestival Nacional de Tabanca\u201d"},"content":{"rendered":"\n<p><strong>A ilha do Maio acolhe, no dia 3 de Maio, a 1\u00aa edi\u00e7\u00e3o do \u201cFestival Nacional de Tabanca\u201d, integrado nas actividades culturais alusivas \u00e0 Festa de Santa Cruz, celebrada na mesma data, que assinala tamb\u00e9m o Dia Municipal da Tabanca na ilha do Maio, dedicado \u00e0 valoriza\u00e7\u00e3o desta importante tradi\u00e7\u00e3o cultural.<\/strong><\/p>\n\n\n\n<p>Organizado pela Bamb\u00fa Eventos e Servi\u00e7os, em parceria com a Associa\u00e7\u00e3o da Tabanka Djarmai, a C\u00e2mara Municipal do Maio e o Minist\u00e9rio da Cultura e das Ind\u00fastrias Criativas, o festival ter\u00e1 lugar na Cidade do Porto Ingl\u00eas.<\/p>\n\n\n\n<p>Segundo uma nota enviada, o Festival Nacional de Tabanka insere-se no projecto cultural \u201cN\u00f3s Tabanka\u201d e visa promover a valoriza\u00e7\u00e3o e projec\u00e7\u00e3o da Tabanca como Patrim\u00f3nio Cultural Imaterial de Cabo Verde, com especial enfoque no desenvolvimento do turismo cultural nas ilhas do Maio e de Santiago.<\/p>\n\n\n\n<p>\u201cA miss\u00e3o deste projecto centra-se na produ\u00e7\u00e3o art\u00edstica que promove a preserva\u00e7\u00e3o dessa manifesta\u00e7\u00e3o cultural, atrav\u00e9s da uni\u00e3o e do interc\u00e2mbio entre os guardi\u00f5es e grupos representativos\u201d, refere.<\/p>\n\n\n\n<p>O Festival Nacional de Tabanca ser\u00e1 um encontro cultural entre os grupos de Tabanca das ilhas do Maio e de Santiago, proporcionando um momento memor\u00e1vel para os participantes, bem como para os residentes, turistas e emigrantes, levando \u00e0s ruas da Cidade do Porto Ingl\u00eas os principais grupos de tabanca do pa\u00eds, reporta Expresso das ilhas.<\/p>\n\n\n\n<p>O festival contar\u00e1 com a participa\u00e7\u00e3o de v\u00e1rios grupos, nomeadamente: Tabanka Djarmai (Tabanka Djarmai, Tabanka Jovem, Tabanka Cadjeta e Tabanka Alcatraz); Tabanka Praia (Tabanka V\u00e1rzea, Tabanka Txada Grandi e Tabanka Txada); Tabanka Assomada (Tabanka Txan di Tanki e Tabanka Lem Cabral); Tabanka de Santa Cruz \u2013 Santiago (Tabanka Salina); e Tabanka de Ribeira Grande \u2013 Cidade Velha (Tabanka Salineru).<\/p>\n","protected":false},"excerpt":{"rendered":"<p>A ilha do Maio acolhe, no dia 3 de Maio, a 1\u00aa edi\u00e7\u00e3o do \u201cFestival Nacional de Tabanca\u201d, integrado nas actividades culturais alusivas \u00e0 Festa de Santa Cruz, celebrada na mesma data, que assinala tamb\u00e9m o Dia Municipal da Tabanca na ilha do Maio, dedicado \u00e0 valoriza\u00e7\u00e3o desta importante tradi\u00e7\u00e3o cultural. Organizado pela Bamb\u00fa Eventos<br \/><a class=\"moretag\" href=\"https:\/\/radiocomercial.cv\/?p=2701\">+ Read More<\/a><\/p>\n","protected":false},"author":2,"featured_media":2702,"comment_status":"open","ping_status":"open","sticky":false,"template":"","format":"standard","meta":{"footnotes":""},"categories":[6],"tags":[],"class_list":["post-2701","post","type-post","status-publish","format-standard","has-post-thumbnail","hentry","category-noticias"],"featured_image_src":"https:\/\/radiocomercial.cv\/wp-content\/uploads\/2026\/04\/Maio-acolhe-Festival-Nacional-de-Tabanca.jpeg","featured_image_src_square":"https:\/\/radiocomercial.cv\/wp-content\/uploads\/2026\/04\/Maio-acolhe-Festival-Nacional-de-Tabanca.jpeg","author_info":{"display_name":"Radio Comercial","author_link":"https:\/\/radiocomercial.cv\/?author=2"},"rbea_author_info":{"display_name":"Radio Comercial","author_link":"https:\/\/radiocomercial.cv\/?author=2"},"rbea_excerpt_info":"A ilha do Maio acolhe, no dia 3 de Maio, a 1\u00aa edi\u00e7\u00e3o do \u201cFestival Nacional de Tabanca\u201d, integrado nas actividades culturais alusivas \u00e0 Festa de Santa Cruz, celebrada na mesma data, que assinala tamb\u00e9m o Dia Municipal da Tabanca na ilha do Maio, dedicado \u00e0 valoriza\u00e7\u00e3o desta importante tradi\u00e7\u00e3o cultural. Organizado pela Bamb\u00fa Eventos<br><a class=\"moretag\" href=\"https:\/\/radiocomercial.cv\/?p=2701\">+ Read More<\/a>","category_list":"<a href=\"https:\/\/radiocomercial.cv\/?cat=6\" rel=\"category\">Noticias<\/a>","comments_num":"0 comments","_links":{"self":[{"href":"https:\/\/radiocomercial.cv\/index.php?rest_route=\/wp\/v2\/posts\/2701","targetHints":{"allow":["GET"]}}],"collection":[{"href":"https:\/\/radiocomercial.cv\/index.php?rest_route=\/wp\/v2\/posts"}],"about":[{"href":"https:\/\/radiocomercial.cv\/index.php?rest_route=\/wp\/v2\/types\/post"}],"author":[{"embeddable":true,"href":"https:\/\/radiocomercial.cv\/index.php?rest_route=\/wp\/v2\/users\/2"}],"replies":[{"embeddable":true,"href":"https:\/\/radiocomercial.cv\/index.php?rest_route=%2Fwp%2Fv2%2Fcomments&post=2701"}],"version-history":[{"count":1,"href":"https:\/\/radiocomercial.cv\/index.php?rest_route=\/wp\/v2\/posts\/2701\/revisions"}],"predecessor-version":[{"id":2703,"href":"https:\/\/radiocomercial.cv\/index.php?rest_route=\/wp\/v2\/posts\/2701\/revisions\/2703"}],"wp:featuredmedia":[{"embeddable":true,"href":"https:\/\/radiocomercial.cv\/index.php?rest_route=\/wp\/v2\/media\/2702"}],"wp:attachment":[{"href":"https:\/\/radiocomercial.cv\/index.php?rest_route=%2Fwp%2Fv2%2Fmedia&parent=2701"}],"wp:term":[{"taxonomy":"category","embeddable":true,"href":"https:\/\/radiocomercial.cv\/index.php?rest_route=%2Fwp%2Fv2%2Fcategories&post=2701"},{"taxonomy":"post_tag","embeddable":true,"href":"https:\/\/radiocomercial.cv\/index.php?rest_route=%2Fwp%2Fv2%2Ftags&post=2701"}],"curies":[{"name":"wp","href":"https:\/\/api.w.org\/{rel}","templated":true}]}}