{"id":597,"date":"2024-03-27T10:39:16","date_gmt":"2024-03-27T10:39:16","guid":{"rendered":"https:\/\/radiocomercial.cv\/?p=597"},"modified":"2024-03-27T10:40:20","modified_gmt":"2024-03-27T10:40:20","slug":"krioleza","status":"publish","type":"post","link":"https:\/\/radiocomercial.cv\/?p=597","title":{"rendered":"KRIOLEZA"},"content":{"rendered":"\n<p>No dia 27 de Mar\u00e7o, Dia da Mulher Cabo-verdiana acontece, na cidade da Praia, a partir das 17 horas, a primeira gala &#8220;Krioleza&#8221;, um evento \u00fanico em que o assunto mulher \u00e9 um dos pontos alto desta iniciativa e ainda conta com muita m\u00fasica <img decoding=\"async\" height=\"16\" width=\"16\" alt=\"\ud83c\udfb6\" src=\"https:\/\/static.xx.fbcdn.net\/images\/emoji.php\/v9\/t1f\/1\/16\/1f3b6.png\"> e surpresa.<\/p>\n\n\n\n<p>Segundo Fatinha Fernandes, promotora da iniciativa est\u00e1 tudo apostos para este dia.<\/p>\n\n\n\n<p><a href=\"https:\/\/www.facebook.com\/hashtag\/radiocomercialdecaboverde?__eep__=6&amp;__cft__[0]=AZWcaCpx0sqr452WXCyJxAHb3l-hr675BgAUo7to0AFfZuKi89QYr1VEKh9opzcD09OWtlWI-GRtU_VaIwFeg584zSFQPEa3yZrc6BuFVffRJRpOokM5CiqKvakGVjJd0lU0-DU1YUR2wd-2yqPeqFl8J0zPt78HDM5SCbJfborklsvEr-Nsfg7i2hynjd_a57RueK5CGtryFXJ5xXr0GXxU8OKBL57eDzI-h5ftUGmJ5A&amp;__tn__=*NK-R\">#radiocomercialdecaboverde<\/a><\/p>\n\n\n\n<p><a href=\"https:\/\/www.facebook.com\/hashtag\/mulhercaboverdiana?__eep__=6&amp;__cft__[0]=AZWcaCpx0sqr452WXCyJxAHb3l-hr675BgAUo7to0AFfZuKi89QYr1VEKh9opzcD09OWtlWI-GRtU_VaIwFeg584zSFQPEa3yZrc6BuFVffRJRpOokM5CiqKvakGVjJd0lU0-DU1YUR2wd-2yqPeqFl8J0zPt78HDM5SCbJfborklsvEr-Nsfg7i2hynjd_a57RueK5CGtryFXJ5xXr0GXxU8OKBL57eDzI-h5ftUGmJ5A&amp;__tn__=*NK-R\">#mulhercaboverdiana<\/a><\/p>\n\n\n\n<p><a href=\"https:\/\/www.facebook.com\/hashtag\/dataespecial?__eep__=6&amp;__cft__[0]=AZWcaCpx0sqr452WXCyJxAHb3l-hr675BgAUo7to0AFfZuKi89QYr1VEKh9opzcD09OWtlWI-GRtU_VaIwFeg584zSFQPEa3yZrc6BuFVffRJRpOokM5CiqKvakGVjJd0lU0-DU1YUR2wd-2yqPeqFl8J0zPt78HDM5SCbJfborklsvEr-Nsfg7i2hynjd_a57RueK5CGtryFXJ5xXr0GXxU8OKBL57eDzI-h5ftUGmJ5A&amp;__tn__=*NK-R\">#DataEspecial<\/a><\/p>\n\n\n\n<p><a href=\"https:\/\/www.facebook.com\/hashtag\/krioleza?__eep__=6&amp;__cft__[0]=AZWcaCpx0sqr452WXCyJxAHb3l-hr675BgAUo7to0AFfZuKi89QYr1VEKh9opzcD09OWtlWI-GRtU_VaIwFeg584zSFQPEa3yZrc6BuFVffRJRpOokM5CiqKvakGVjJd0lU0-DU1YUR2wd-2yqPeqFl8J0zPt78HDM5SCbJfborklsvEr-Nsfg7i2hynjd_a57RueK5CGtryFXJ5xXr0GXxU8OKBL57eDzI-h5ftUGmJ5A&amp;__tn__=*NK-R\">#krioleza<\/a><\/p>\n\n\n\n<p><a href=\"https:\/\/www.facebook.com\/hashtag\/cv?__eep__=6&amp;__cft__[0]=AZWcaCpx0sqr452WXCyJxAHb3l-hr675BgAUo7to0AFfZuKi89QYr1VEKh9opzcD09OWtlWI-GRtU_VaIwFeg584zSFQPEa3yZrc6BuFVffRJRpOokM5CiqKvakGVjJd0lU0-DU1YUR2wd-2yqPeqFl8J0zPt78HDM5SCbJfborklsvEr-Nsfg7i2hynjd_a57RueK5CGtryFXJ5xXr0GXxU8OKBL57eDzI-h5ftUGmJ5A&amp;__tn__=*NK-R\">#cv<\/a><\/p>\n\n\n\n<p><a href=\"https:\/\/www.facebook.com\/hashtag\/ilhadesantiago?__eep__=6&amp;__cft__[0]=AZWcaCpx0sqr452WXCyJxAHb3l-hr675BgAUo7to0AFfZuKi89QYr1VEKh9opzcD09OWtlWI-GRtU_VaIwFeg584zSFQPEa3yZrc6BuFVffRJRpOokM5CiqKvakGVjJd0lU0-DU1YUR2wd-2yqPeqFl8J0zPt78HDM5SCbJfborklsvEr-Nsfg7i2hynjd_a57RueK5CGtryFXJ5xXr0GXxU8OKBL57eDzI-h5ftUGmJ5A&amp;__tn__=*NK-R\">#ilhadesantiago<\/a><\/p>\n","protected":false},"excerpt":{"rendered":"<p>No dia 27 de Mar\u00e7o, Dia da Mulher Cabo-verdiana acontece, na cidade da Praia, a partir das 17 horas, a primeira gala &#8220;Krioleza&#8221;, um evento \u00fanico em que o assunto mulher \u00e9 um dos pontos alto desta iniciativa e ainda conta com muita m\u00fasica e surpresa. Segundo Fatinha Fernandes, promotora da iniciativa est\u00e1 tudo apostos<br \/><a class=\"moretag\" href=\"https:\/\/radiocomercial.cv\/?p=597\">+ Read More<\/a><\/p>\n","protected":false},"author":1,"featured_media":598,"comment_status":"closed","ping_status":"closed","sticky":false,"template":"","format":"standard","meta":{"footnotes":""},"categories":[6],"tags":[9,7,8],"class_list":["post-597","post","type-post","status-publish","format-standard","has-post-thumbnail","hentry","category-noticias","tag-ilhilhadesantiago","tag-krioleza","tag-mulhercaboverdiana"],"featured_image_src":"https:\/\/radiocomercial.cv\/wp-content\/uploads\/2024\/03\/1.jpg","featured_image_src_square":"https:\/\/radiocomercial.cv\/wp-content\/uploads\/2024\/03\/1.jpg","author_info":{"display_name":"admin","author_link":"https:\/\/radiocomercial.cv\/?author=1"},"rbea_author_info":{"display_name":"admin","author_link":"https:\/\/radiocomercial.cv\/?author=1"},"rbea_excerpt_info":"No dia 27 de Mar\u00e7o, Dia da Mulher Cabo-verdiana acontece, na cidade da Praia, a partir das 17 horas, a primeira gala &#8220;Krioleza&#8221;, um evento \u00fanico em que o assunto mulher \u00e9 um dos pontos alto desta iniciativa e ainda conta com muita m\u00fasica e surpresa. Segundo Fatinha Fernandes, promotora da iniciativa est\u00e1 tudo apostos<br><a class=\"moretag\" href=\"https:\/\/radiocomercial.cv\/?p=597\">+ Read More<\/a>","category_list":"<a href=\"https:\/\/radiocomercial.cv\/?cat=6\" rel=\"category\">Noticias<\/a>","comments_num":"0 comments","_links":{"self":[{"href":"https:\/\/radiocomercial.cv\/index.php?rest_route=\/wp\/v2\/posts\/597","targetHints":{"allow":["GET"]}}],"collection":[{"href":"https:\/\/radiocomercial.cv\/index.php?rest_route=\/wp\/v2\/posts"}],"about":[{"href":"https:\/\/radiocomercial.cv\/index.php?rest_route=\/wp\/v2\/types\/post"}],"author":[{"embeddable":true,"href":"https:\/\/radiocomercial.cv\/index.php?rest_route=\/wp\/v2\/users\/1"}],"replies":[{"embeddable":true,"href":"https:\/\/radiocomercial.cv\/index.php?rest_route=%2Fwp%2Fv2%2Fcomments&post=597"}],"version-history":[{"count":1,"href":"https:\/\/radiocomercial.cv\/index.php?rest_route=\/wp\/v2\/posts\/597\/revisions"}],"predecessor-version":[{"id":599,"href":"https:\/\/radiocomercial.cv\/index.php?rest_route=\/wp\/v2\/posts\/597\/revisions\/599"}],"wp:featuredmedia":[{"embeddable":true,"href":"https:\/\/radiocomercial.cv\/index.php?rest_route=\/wp\/v2\/media\/598"}],"wp:attachment":[{"href":"https:\/\/radiocomercial.cv\/index.php?rest_route=%2Fwp%2Fv2%2Fmedia&parent=597"}],"wp:term":[{"taxonomy":"category","embeddable":true,"href":"https:\/\/radiocomercial.cv\/index.php?rest_route=%2Fwp%2Fv2%2Fcategories&post=597"},{"taxonomy":"post_tag","embeddable":true,"href":"https:\/\/radiocomercial.cv\/index.php?rest_route=%2Fwp%2Fv2%2Ftags&post=597"}],"curies":[{"name":"wp","href":"https:\/\/api.w.org\/{rel}","templated":true}]}}