{"id":860,"date":"2024-04-17T13:54:57","date_gmt":"2024-04-17T13:54:57","guid":{"rendered":"https:\/\/radiocomercial.cv\/?p=860"},"modified":"2024-04-18T18:32:24","modified_gmt":"2024-04-18T18:32:24","slug":"a-ilha-de-la-reunion-recebe-o-21o-encontro-das-cidades-do-festivalsete-sois-sete-luas","status":"publish","type":"post","link":"https:\/\/radiocomercial.cv\/?p=860","title":{"rendered":"A ilha de La R\u00e9union recebe o 21\u00ba Encontro das Cidades do FestivalSete S\u00f3is Sete Luas"},"content":{"rendered":"\t\t<div data-elementor-type=\"wp-post\" data-elementor-id=\"860\" class=\"elementor elementor-860\" data-elementor-post-type=\"post\">\n\t\t\t\t<div class=\"elementor-element elementor-element-cec3830 e-flex e-con-boxed e-con e-parent\" data-id=\"cec3830\" data-element_type=\"container\" data-settings=\"{&quot;content_width&quot;:&quot;boxed&quot;}\" data-core-v316-plus=\"true\">\n\t\t\t\t\t<div class=\"e-con-inner\">\n\t\t\t\t<div class=\"elementor-element elementor-element-4c12b20 elementor-widget elementor-widget-text-editor\" data-id=\"4c12b20\" data-element_type=\"widget\" data-widget_type=\"text-editor.default\">\n\t\t\t\t<div class=\"elementor-widget-container\">\n\t\t\t<style>\/*! elementor - v3.19.0 - 07-02-2024 *\/\n.elementor-widget-text-editor.elementor-drop-cap-view-stacked .elementor-drop-cap{background-color:#69727d;color:#fff}.elementor-widget-text-editor.elementor-drop-cap-view-framed .elementor-drop-cap{color:#69727d;border:3px solid;background-color:transparent}.elementor-widget-text-editor:not(.elementor-drop-cap-view-default) .elementor-drop-cap{margin-top:8px}.elementor-widget-text-editor:not(.elementor-drop-cap-view-default) .elementor-drop-cap-letter{width:1em;height:1em}.elementor-widget-text-editor .elementor-drop-cap{float:left;text-align:center;line-height:1;font-size:50px}.elementor-widget-text-editor .elementor-drop-cap-letter{display:inline-block}<\/style>\t\t\t\t<p>O 21\u00b0 Encontro anual das Cidades da rede Sete S\u00f3is Sete Luas foi conclu\u00eddo com sucesso no 6 de abril, na ilha de La R\u00e9union, territ\u00f3rio ultramarino franc\u00eas, no Oceano \u00cdndico.<\/p><p>O evento contou com a participa\u00e7\u00e3o de 35 delegados de 18 cidades, representando 8 pa\u00edses diferentes (Cabo Verde, Cro\u00e1cia, Fran\u00e7a, It\u00e1lia, Luxemburgo, Mo\u00e7ambique, Portugal, Espanha). Esteve presente o presidente da Camara Municipal da Brava Francisco Tavares, avan\u00e7a a organiza\u00e7\u00e3o em comunicado.<\/p><p>Segundo a mesma fonte o encontro teve a ilustre participa\u00e7\u00e3o de Jos\u00e9 Carlos Fonseca, ex-Presidente da Rep\u00fablica de Cabo Verde e Presidente honor\u00e1rio do Festival Sete S\u00f3is Sete Luas.<\/p><p>Durante os dias do encontro, as institui\u00e7\u00f5es envolvidas tiveram a oportunidade de conhecer e compartilhar as peculiaridades sociais, culturais, geogr\u00e1ficas e tur\u00edsticas de suas respectivas cidades. Foram destacados projetos culturais e art\u00edsticos de grande valor, dignos de serem difundidos e conhecidos nas outras cidades da rede. Entre os pontos da agenda, houve a apresenta\u00e7\u00e3o das novas cidades e institui\u00e7\u00f5es que aderiram \u00e0 rede, al\u00e9m da assinatura da nova Carta que determina seus objetivos.<\/p><p>A novidade deste ano foi a inclus\u00e3o da cidade de Quelimane, em Mo\u00e7ambique, no Festival.<\/p><p>A organiza\u00e7\u00e3o destaca ainda que o encontro representou uma importante oportunidade de troca e colabora\u00e7\u00e3o entre as diferentes realidades envolvidas, promovendo a valoriza\u00e7\u00e3o e dissemina\u00e7\u00e3o da cultura e da arte nas comunidades locais e al\u00e9m das fronteiras nacionais. Os representantes puderam descobrir os estilos musicais da ilha de La R\u00e9union, o maloya e o sega.<\/p><p>A rede Sete S\u00f3is Sete Luas confirma-se, portanto, como um valioso ponto de refer\u00eancia para a promo\u00e7\u00e3o da diversidade cultural e o desenvolvimento de la\u00e7os s\u00f3lidos entre as cidades participantes, contribuindo assim para a constru\u00e7\u00e3o de um mundo mais inclusivo.<\/p>\t\t\t\t\t\t<\/div>\n\t\t\t\t<\/div>\n\t\t\t\t\t<\/div>\n\t\t\t\t<\/div>\n\t\t\t\t<\/div>\n\t\t","protected":false},"excerpt":{"rendered":"<p>O 21\u00b0 Encontro anual das Cidades da rede Sete S\u00f3is Sete Luas foi conclu\u00eddo com sucesso no 6 de abril, na ilha de La R\u00e9union, territ\u00f3rio ultramarino franc\u00eas, no Oceano \u00cdndico. O evento contou com a participa\u00e7\u00e3o de 35 delegados de 18 cidades, representando 8 pa\u00edses diferentes (Cabo Verde, Cro\u00e1cia, Fran\u00e7a, It\u00e1lia, Luxemburgo, Mo\u00e7ambique, Portugal,<br \/><a class=\"moretag\" href=\"https:\/\/radiocomercial.cv\/?p=860\">+ Read More<\/a><\/p>\n","protected":false},"author":1,"featured_media":861,"comment_status":"closed","ping_status":"closed","sticky":false,"template":"","format":"standard","meta":{"footnotes":""},"categories":[6],"tags":[],"class_list":["post-860","post","type-post","status-publish","format-standard","has-post-thumbnail","hentry","category-noticias"],"featured_image_src":"https:\/\/radiocomercial.cv\/wp-content\/uploads\/2024\/04\/DSCF7728-min-scaled.jpg","featured_image_src_square":"https:\/\/radiocomercial.cv\/wp-content\/uploads\/2024\/04\/DSCF7728-min-scaled.jpg","author_info":{"display_name":"admin","author_link":"https:\/\/radiocomercial.cv\/?author=1"},"rbea_author_info":{"display_name":"admin","author_link":"https:\/\/radiocomercial.cv\/?author=1"},"rbea_excerpt_info":"O 21\u00b0 Encontro anual das Cidades da rede Sete S\u00f3is Sete Luas foi conclu\u00eddo com sucesso no 6 de abril, na ilha de La R\u00e9union, territ\u00f3rio ultramarino franc\u00eas, no Oceano \u00cdndico. O evento contou com a participa\u00e7\u00e3o de 35 delegados de 18 cidades, representando 8 pa\u00edses diferentes (Cabo Verde, Cro\u00e1cia, Fran\u00e7a, It\u00e1lia, Luxemburgo, Mo\u00e7ambique, Portugal,<br><a class=\"moretag\" href=\"https:\/\/radiocomercial.cv\/?p=860\">+ Read More<\/a>","category_list":"<a href=\"https:\/\/radiocomercial.cv\/?cat=6\" rel=\"category\">Noticias<\/a>","comments_num":"0 comments","_links":{"self":[{"href":"https:\/\/radiocomercial.cv\/index.php?rest_route=\/wp\/v2\/posts\/860","targetHints":{"allow":["GET"]}}],"collection":[{"href":"https:\/\/radiocomercial.cv\/index.php?rest_route=\/wp\/v2\/posts"}],"about":[{"href":"https:\/\/radiocomercial.cv\/index.php?rest_route=\/wp\/v2\/types\/post"}],"author":[{"embeddable":true,"href":"https:\/\/radiocomercial.cv\/index.php?rest_route=\/wp\/v2\/users\/1"}],"replies":[{"embeddable":true,"href":"https:\/\/radiocomercial.cv\/index.php?rest_route=%2Fwp%2Fv2%2Fcomments&post=860"}],"version-history":[{"count":8,"href":"https:\/\/radiocomercial.cv\/index.php?rest_route=\/wp\/v2\/posts\/860\/revisions"}],"predecessor-version":[{"id":908,"href":"https:\/\/radiocomercial.cv\/index.php?rest_route=\/wp\/v2\/posts\/860\/revisions\/908"}],"wp:featuredmedia":[{"embeddable":true,"href":"https:\/\/radiocomercial.cv\/index.php?rest_route=\/wp\/v2\/media\/861"}],"wp:attachment":[{"href":"https:\/\/radiocomercial.cv\/index.php?rest_route=%2Fwp%2Fv2%2Fmedia&parent=860"}],"wp:term":[{"taxonomy":"category","embeddable":true,"href":"https:\/\/radiocomercial.cv\/index.php?rest_route=%2Fwp%2Fv2%2Fcategories&post=860"},{"taxonomy":"post_tag","embeddable":true,"href":"https:\/\/radiocomercial.cv\/index.php?rest_route=%2Fwp%2Fv2%2Ftags&post=860"}],"curies":[{"name":"wp","href":"https:\/\/api.w.org\/{rel}","templated":true}]}}