{"id":877,"date":"2024-04-18T08:55:05","date_gmt":"2024-04-18T08:55:05","guid":{"rendered":"https:\/\/radiocomercial.cv\/?p=877"},"modified":"2024-04-18T16:03:39","modified_gmt":"2024-04-18T16:03:39","slug":"cvtelecom-acolhe-africa-global-carrier-community-meeting-na-ilha-do-sal","status":"publish","type":"post","link":"https:\/\/radiocomercial.cv\/?p=877","title":{"rendered":"CVTelecom acolhe Africa Global Carrier Community Meeting na ilha do Sal"},"content":{"rendered":"\t\t<div data-elementor-type=\"wp-post\" data-elementor-id=\"877\" class=\"elementor elementor-877\" data-elementor-post-type=\"post\">\n\t\t\t\t<div class=\"elementor-element elementor-element-c5f01cf e-flex e-con-boxed e-con e-parent\" data-id=\"c5f01cf\" data-element_type=\"container\" data-settings=\"{&quot;content_width&quot;:&quot;boxed&quot;}\" data-core-v316-plus=\"true\">\n\t\t\t\t\t<div class=\"e-con-inner\">\n\t\t\t\t<div class=\"elementor-element elementor-element-6d20f18c elementor-widget elementor-widget-text-editor\" data-id=\"6d20f18c\" data-element_type=\"widget\" data-widget_type=\"text-editor.default\">\n\t\t\t\t<div class=\"elementor-widget-container\">\n\t\t\t<style>\/*! elementor - v3.19.0 - 07-02-2024 *\/\n.elementor-widget-text-editor.elementor-drop-cap-view-stacked .elementor-drop-cap{background-color:#69727d;color:#fff}.elementor-widget-text-editor.elementor-drop-cap-view-framed .elementor-drop-cap{color:#69727d;border:3px solid;background-color:transparent}.elementor-widget-text-editor:not(.elementor-drop-cap-view-default) .elementor-drop-cap{margin-top:8px}.elementor-widget-text-editor:not(.elementor-drop-cap-view-default) .elementor-drop-cap-letter{width:1em;height:1em}.elementor-widget-text-editor .elementor-drop-cap{float:left;text-align:center;line-height:1;font-size:50px}.elementor-widget-text-editor .elementor-drop-cap-letter{display:inline-block}<\/style>\t\t\t\t<!-- wp:paragraph {\"align\":\"left\"} -->\n<p class=\"has-text-align-left\"><\/p>\n<!-- \/wp:paragraph -->\t\t\t\t\t\t<\/div>\n\t\t\t\t<\/div>\n\t\t\t\t\t<\/div>\n\t\t\t\t<\/div>\n\t\t<div class=\"elementor-element elementor-element-4c586a9 e-flex e-con-boxed e-con e-parent\" data-id=\"4c586a9\" data-element_type=\"container\" data-settings=\"{&quot;content_width&quot;:&quot;boxed&quot;}\" data-core-v316-plus=\"true\">\n\t\t\t\t\t<div class=\"e-con-inner\">\n\t\t\t\t<div class=\"elementor-element elementor-element-c5c10a2 elementor-widget elementor-widget-text-editor\" data-id=\"c5c10a2\" data-element_type=\"widget\" data-widget_type=\"text-editor.default\">\n\t\t\t\t<div class=\"elementor-widget-container\">\n\t\t\t\t\t\t\t<p>A CVTelecom, enquanto membro da Carrier Comunity, vai ser a anfitri\u00e3 do Africa 2024 GCCM (Global Carrier Community Meeting), evento que re\u00fane empresas e especialistas da \u00e1rea das telecomunica\u00e7\u00f5es, a n\u00edvel mundial. Esta \u00e9 a primeira edi\u00e7\u00e3o do evento a ser realizada na regi\u00e3o da \u00c1frica Ocidental, avan\u00e7a a empresa em comunicado.<\/p>\n<p>Segundo a mesma fonte Os Global Carrier Community Meetings s\u00e3o reconhecidos como eventos de destaque no cen\u00e1rio da ind\u00fastria das telecomunica\u00e7\u00f5es a n\u00edvel global, sendo realizados em pa\u00edses-chave de regi\u00f5es estrat\u00e9gicas para o setor. Com foco na inova\u00e7\u00e3o e na explora\u00e7\u00e3o de novas oportunidades de neg\u00f3cio, cerca de 150 l\u00edderes, especialistas e stakeholders, oriundos de v\u00e1rios pa\u00edses, estar\u00e3o reunidos na ilha do Sal, nos dias 18 e 19 de abril, para partilhar reflex\u00f5es sobre as tend\u00eancias e o futuro da ind\u00fastria.<\/p>\n<p>A nota informativa destaca ainda que receber em Cabo\u00a0 Verde esta grande fam\u00edlia de operadores\u00a0 telecomunica\u00e7\u00f5es, que trabalham em rede atrav\u00e9s desta comunidade, afigura- se como uma oportunidade \u00fanica para mostrar o que temos vindo a fazer e a import\u00e2ncia do nosso pa\u00eds no ecossistema digital a n\u00edvel regional.<\/p>\n<p>A abertura oficial do evento ser\u00e1 presidida pela Secret\u00e1ria de Estado do Fomento Empresarial, Adalgisa Vaz.<\/p>\t\t\t\t\t\t<\/div>\n\t\t\t\t<\/div>\n\t\t\t\t\t<\/div>\n\t\t\t\t<\/div>\n\t\t\t\t<\/div>\n\t\t","protected":false},"excerpt":{"rendered":"<p>A CVTelecom, enquanto membro da Carrier Comunity, vai ser a anfitri\u00e3 do Africa 2024 GCCM (Global Carrier Community Meeting), evento que re\u00fane empresas e especialistas da \u00e1rea das telecomunica\u00e7\u00f5es, a n\u00edvel mundial. Esta \u00e9 a primeira edi\u00e7\u00e3o do evento a ser realizada na regi\u00e3o da \u00c1frica Ocidental, avan\u00e7a a empresa em comunicado. Segundo a mesma<br \/><a class=\"moretag\" href=\"https:\/\/radiocomercial.cv\/?p=877\">+ Read More<\/a><\/p>\n","protected":false},"author":1,"featured_media":878,"comment_status":"closed","ping_status":"closed","sticky":false,"template":"","format":"standard","meta":{"footnotes":""},"categories":[6],"tags":[],"class_list":["post-877","post","type-post","status-publish","format-standard","has-post-thumbnail","hentry","category-noticias"],"featured_image_src":"https:\/\/radiocomercial.cv\/wp-content\/uploads\/2024\/04\/foto-CVTelecom.jpg","featured_image_src_square":"https:\/\/radiocomercial.cv\/wp-content\/uploads\/2024\/04\/foto-CVTelecom.jpg","author_info":{"display_name":"admin","author_link":"https:\/\/radiocomercial.cv\/?author=1"},"rbea_author_info":{"display_name":"admin","author_link":"https:\/\/radiocomercial.cv\/?author=1"},"rbea_excerpt_info":"A CVTelecom, enquanto membro da Carrier Comunity, vai ser a anfitri\u00e3 do Africa 2024 GCCM (Global Carrier Community Meeting), evento que re\u00fane empresas e especialistas da \u00e1rea das telecomunica\u00e7\u00f5es, a n\u00edvel mundial. Esta \u00e9 a primeira edi\u00e7\u00e3o do evento a ser realizada na regi\u00e3o da \u00c1frica Ocidental, avan\u00e7a a empresa em comunicado. Segundo a mesma<br><a class=\"moretag\" href=\"https:\/\/radiocomercial.cv\/?p=877\">+ Read More<\/a>","category_list":"<a href=\"https:\/\/radiocomercial.cv\/?cat=6\" rel=\"category\">Noticias<\/a>","comments_num":"0 comments","_links":{"self":[{"href":"https:\/\/radiocomercial.cv\/index.php?rest_route=\/wp\/v2\/posts\/877","targetHints":{"allow":["GET"]}}],"collection":[{"href":"https:\/\/radiocomercial.cv\/index.php?rest_route=\/wp\/v2\/posts"}],"about":[{"href":"https:\/\/radiocomercial.cv\/index.php?rest_route=\/wp\/v2\/types\/post"}],"author":[{"embeddable":true,"href":"https:\/\/radiocomercial.cv\/index.php?rest_route=\/wp\/v2\/users\/1"}],"replies":[{"embeddable":true,"href":"https:\/\/radiocomercial.cv\/index.php?rest_route=%2Fwp%2Fv2%2Fcomments&post=877"}],"version-history":[{"count":20,"href":"https:\/\/radiocomercial.cv\/index.php?rest_route=\/wp\/v2\/posts\/877\/revisions"}],"predecessor-version":[{"id":901,"href":"https:\/\/radiocomercial.cv\/index.php?rest_route=\/wp\/v2\/posts\/877\/revisions\/901"}],"wp:featuredmedia":[{"embeddable":true,"href":"https:\/\/radiocomercial.cv\/index.php?rest_route=\/wp\/v2\/media\/878"}],"wp:attachment":[{"href":"https:\/\/radiocomercial.cv\/index.php?rest_route=%2Fwp%2Fv2%2Fmedia&parent=877"}],"wp:term":[{"taxonomy":"category","embeddable":true,"href":"https:\/\/radiocomercial.cv\/index.php?rest_route=%2Fwp%2Fv2%2Fcategories&post=877"},{"taxonomy":"post_tag","embeddable":true,"href":"https:\/\/radiocomercial.cv\/index.php?rest_route=%2Fwp%2Fv2%2Ftags&post=877"}],"curies":[{"name":"wp","href":"https:\/\/api.w.org\/{rel}","templated":true}]}}