{"id":921,"date":"2024-04-20T15:18:25","date_gmt":"2024-04-20T15:18:25","guid":{"rendered":"https:\/\/radiocomercial.cv\/?p=921"},"modified":"2024-04-20T15:32:08","modified_gmt":"2024-04-20T15:32:08","slug":"assol-garcia-djodje-e-soraia-ramos-sao-artistas-mais-nomeados-doscvma-2024","status":"publish","type":"post","link":"https:\/\/radiocomercial.cv\/?p=921","title":{"rendered":"Assol Garcia, Djodje e Soraia Ramos s\u00e3o artistas mais nomeados dos CVMA 2024"},"content":{"rendered":"\t\t<div data-elementor-type=\"wp-post\" data-elementor-id=\"921\" class=\"elementor elementor-921\" data-elementor-post-type=\"post\">\n\t\t\t\t<div class=\"elementor-element elementor-element-e97666d e-flex e-con-boxed e-con e-parent\" data-id=\"e97666d\" data-element_type=\"container\" data-settings=\"{&quot;content_width&quot;:&quot;boxed&quot;}\" data-core-v316-plus=\"true\">\n\t\t\t\t\t<div class=\"e-con-inner\">\n\t\t\t\t<div class=\"elementor-element elementor-element-b107b19 elementor-widget elementor-widget-text-editor\" data-id=\"b107b19\" data-element_type=\"widget\" data-widget_type=\"text-editor.default\">\n\t\t\t\t<div class=\"elementor-widget-container\">\n\t\t\t<style>\/*! elementor - v3.19.0 - 07-02-2024 *\/\n.elementor-widget-text-editor.elementor-drop-cap-view-stacked .elementor-drop-cap{background-color:#69727d;color:#fff}.elementor-widget-text-editor.elementor-drop-cap-view-framed .elementor-drop-cap{color:#69727d;border:3px solid;background-color:transparent}.elementor-widget-text-editor:not(.elementor-drop-cap-view-default) .elementor-drop-cap{margin-top:8px}.elementor-widget-text-editor:not(.elementor-drop-cap-view-default) .elementor-drop-cap-letter{width:1em;height:1em}.elementor-widget-text-editor .elementor-drop-cap{float:left;text-align:center;line-height:1;font-size:50px}.elementor-widget-text-editor .elementor-drop-cap-letter{display:inline-block}<\/style>\t\t\t\t<p><strong>Assol Garcia, Djodje e Soraia Ramos s\u00e3o os artistas mais nomeados da 13\u00aa edi\u00e7\u00e3o dos Cabo <\/strong><strong>Verde Music Awards (CVMA)<\/strong><\/p><p>A lista dos nomeados ao Pr\u00e9mio Oficial da M\u00fasica Cabo Verdiana foi revelada hoje, 19, em Lisboa, no Centro Cultural Cabo Verde, na presen\u00e7a do Ministro da Cultura e das Ind\u00fastrias Criativas, Abra\u00e3o Vicente.<br \/>31 artistas com trabalhos lan\u00e7ados entre 1 de Janeiro e 31 de Dezembro de 2023 est\u00e3o nomeados, em 17 categorias, num total de 61 nomea\u00e7\u00f5es.<br \/>Em 10 categorias a Academia CVMA indicou quatro nomeados e nas restantes sete categorias est\u00e3o indicados tr\u00eas nomeados.<br \/>Segundo a organiza\u00e7\u00e3o, a escolha dos nomeados resulta de um intenso e exaustivo trabalho dos membros da Academia CVMA que analisaram uma lista com centenas de temas<br \/>musicais e votaram individualmente.<br \/>\u201cOs nomeados resultam do somat\u00f3rio das vota\u00e7\u00f5es dos 33 membros da Academia CVMA.<br \/>Uma vez anunciados os nomeados, a Academia vai voltar a votar, agora para decidir o vencedor de cada categoria\u201d, explica.<br \/>A organiza\u00e7\u00e3o informou que h\u00e1, no entanto, tr\u00eas categorias que beneficiam da vota\u00e7\u00e3o popular, de forma parcial no caso do Artista em Palco do Ano e Revela\u00e7\u00e3o do Ano, onde os votos do p\u00fablico s\u00e3o somados aos da Academia numa propor\u00e7\u00e3o de 49% p\u00fablico e 51% Academia CVMA.<br \/>\u201cJ\u00e1 no caso da M\u00fasica Popular do Ano, a escolha do vencedor \u00e9 feita apenas pelo p\u00fablico.<br \/>A vota\u00e7\u00e3o popular come\u00e7a segunda-feira, dia 22 de Abril no site oficial dos CVMA\u201d,<br \/>real\u00e7a.<br \/>Os vencedores do Pr\u00e9mio Oficial da M\u00fasica Cabo-verdiana 2024 s\u00e3o conhecidos dia 1 de<br \/>Junho na 13\u00aa Gala CVMA, na Cidade da Praia.<br \/>Os bilhetes para os Cabo Verde Music Awards 2024 j\u00e1 est\u00e3o \u00e0 venda online, no site oficial dos CVMA e no aplicativo PAGALI. Os bilhetes custam dois mil escudos para a Gala, mil<br \/>\u00a0escudos para a After Party e 2.500 escudos para ambos os eventos.<br \/>A 13\u00aa edi\u00e7\u00e3o dos Cabo Verde Music Awards, Pr\u00e9mio Oficial da M\u00fasica Cabo-verdiana e a respetiva After Party, acontecem dia 1 de junho no Porto da Cidade da Praia e t\u00eam como convidados especiais (anunciados at\u00e9 ao momento) Jimmy P., Neyna e Nancy Vieira.<\/p><p><strong>Lista dos nomeados<\/strong><\/p><p><strong>I. M\u00daSICA DO ANO by ALOU<\/strong><\/p><p>1.Lejemea ft. Freirianas Guerreiras \u2013 \u201cSi Bu Dam\u201d<\/p><p>2.Nelson Freitas \u2013 \u201cHero\u201d<\/p><p>3.Soraia Ramos \u2013 \u201cNha Terra\u201d<\/p><p>4.Supa Squad ft. Mariza &amp;amp; Apollo G \u2013 \u201cMinha Terra\u201d<\/p><p><strong>II. \u00c1LBUM DO ANO<\/strong><\/p><p>1.Assol Garcia \u2013 \u201cEcos de Mim\u201d<\/p><p>2.Elida Almeida \u2013 \u201cDi Lonji\u201d<\/p><p>3.H\u00e9lio Batalha \u2013 \u201cDi Cairo a Cabo\u201d<\/p><p>4.Soraia Ramos \u2013 \u201cCocktail<\/p><p><strong>III. M\u00daSICA POPULAR DO ANO<\/strong><\/p><p>1.Djodje x Neyna \u2013 \u201cBu ka Speraba\u201d<\/p><p>2.Garry \u2013 \u201cBum Bum na Peto\u201d<\/p><p>3.H\u00e9lio Batalha ft. H\u00e9rica \u2013 \u201cS\u00f3 Bensons\u201d<\/p><p>4.Julinho Ksd x Soraia Ramos \u2013 \u201cM\u00f3nica\u201d<\/p><p><strong>IV. INT\u00c9RPRETE FEMININA DO ANO<\/strong><\/p><p>1.Assol Garcia \u2013 \u201cDud\u00fa\u201d<\/p><p>2.Ceuzany \u2013 \u201cMindelo\u201d<\/p><p>3.Cremilda Medina \u2013 \u201cAl\u00f4 Al\u00f4 S\u00e3o Vicente\u201d<\/p><p>4.Soraia Ramos \u2013 \u201cNha Terra\u201d<\/p><p><strong>V. INT\u00c9RPRETE MASCULINO DO ANO<\/strong><\/p><p>1.Djodje \u2013 \u201cNha Love\u201d<\/p><p>2.Garry \u2013 \u201cBum Bum na Peto\u201d<\/p><p>3.Ruben Teixeira \u2013 \u201cNha Baixinha\u201d<\/p><p>4.Tibau Tavares \u2013 \u201cMunganga\u201d<\/p><p><strong>VI.MORNA DO ANO<\/strong><br \/>1.Bert\u00e2nia Almeida \u2013 \u201cAmor Profundo\u201d<\/p><p>2.Cremilda Medina \u2013 \u201cNova Aurora\u201d<\/p><p>3.Tibau Tavares \u2013 \u201cNegra do Mato\u201d<\/p><p><strong>VII. FUNAN\u00c1 DO ANO BY KHYM NEGOCE<\/strong><\/p><p>1.Elida Almeida \u2013 \u201cAmigu\u201d<\/p><p>2.Titio de Belo e Kamoka ft. Zeny Gaita \u2013 \u201cAmi \u00e9 de Mundo\u201d<\/p><p>3.T\u00f3 Semedo \u2013 \u201cNu Dexa Da Pa Dodu\u201d<\/p><p><strong>VIII. COLADEIRA DO ANO<\/strong><\/p><p>1.Assol Garcia \u2013 \u201cTxuska\u201d<\/p><p>2.Cremilda Medina \u2013 \u201cTemp d\u2019J\u00f4rge Cornitim\u201d<\/p><p>3.Neuza \u2013 \u201cDixan Bai\u201d<\/p><p><strong>IX. M\u00daSICA TRADICIONAL DO ANO<\/strong><\/p><p>1.Assol Garcia \u2013 \u201cM\u00e1 y R\u00e1\u201d<\/p><p>2.Elida Almeida \u2013 \u201cKaminhu Lonji\u201d<\/p><p>3.Lejemea ft. Freirianas Guerreiras \u2013 \u201cSi Bu Dam\u201d<\/p><p>4.Neuza \u2013 \u201cMininus 2000\u201d<\/p><p><strong>X. KIZOMBA DO ANO<\/strong><\/p><p>1.Buguin Martins ft. Grace \u00c9vora \u2013 \u201cPersiguin\u201d<\/p><p>2.Djodje x Neyna \u2013 \u201cBu ka Speraba\u201d<\/p><p>3.Garry \u2013 \u201cBum Bum na Peto\u201d<\/p><p>4.Ruben Teixeira \u2013 \u201cNha Baixinha\u201d<\/p><p><strong>XI. HIP HOP DO ANO<\/strong><\/p><p>1.Apollo G \u2013 \u201cPaz\u201d<\/p><p>2.H\u00e9lio Batalha \u2013 \u201cDjam Bem\u201d<\/p><p>3.PCC x Boy Game x Loreta KBA \u2013 \u201cBuli Mundo\u201d<\/p><p>4.Trakinuz- \u201cTxuba\u201d<\/p><p><strong>XII. AFROBEATS \/ AFROHOUSE DO ANO<\/strong><\/p><p>1.DJ Deekay x CESF \u2013 \u201cPidi La\u201d<\/p><p>2.Nelson Freitas \u2013 \u201cHero\u201d<\/p><p>3.Soraia Ramos \u2013 \u201cNha Terra\u201d<\/p><p>4.Supa Squad ft. Mariza &amp;amp; Apollo G \u2013 \u201cMinha Terra\u201d<\/p><p><strong>XIII. COLABORA\u00c7\u00c3O DO ANO<\/strong><\/p><p>1.Djodje x Neyna \u2013 \u201cBu ka Speraba\u201d<\/p><p>2.Rapaz 100 Juiz ft. Garry \u2013 \u201cBem Flam\u201d<\/p><p>3.Supa Squad ft. Mariza &amp;amp; Apollo G \u2013 \u201cMinha Terra\u201d<\/p><p><strong>XIV. OUTROS RITMOS DO ANO<\/strong><\/p><p>1.Ga DaLomba x Gil Semedo \u2013 \u201cOmi Tambe Ta Txora\u201d<\/p><p>2.June Freedom ft. L.A.X \u2013 \u201cThing For You\u201d<\/p><p>3.Nessa Onda \u2013 \u201cCompletam\u201d<\/p><p>4.Tibau Tavares \u2013 \u201cDjumbai di Povo\u201d<\/p><p><strong>XV. VIDEOCLIPE DO ANO<\/strong><\/p><p>1.Alberto Koenig \u2013 \u201cTotoloto\u201d<\/p><p>2.June Freedom ft. L.A.X \u2013 \u201cThing For You\u201d<\/p><p>3.Nelson Freitas \u2013 \u201cHero\u201d<\/p><p><strong>XVI. ARTISTA EM PALCO DO ANO<\/strong><\/p><p>1.Ceuzany<\/p><p>2.Dino D\u00b4Santiago<\/p><p>3.Loony Johnson<\/p><p><strong>XVII. ARTISTA REVELA\u00c7\u00c3O DO ANO<\/strong><\/p><p>1.Bert\u00e2nia Almeida \u2013 \u201cUm porta Aberte\u201d<\/p><p>2.Nessa Onda \u2013 \u201dCompletam\u201d<\/p><p>3.Zubikilla Spencer \u2013 \u201cAmor Novo\u201d<\/p>\t\t\t\t\t\t<\/div>\n\t\t\t\t<\/div>\n\t\t\t\t\t<\/div>\n\t\t\t\t<\/div>\n\t\t\t\t<\/div>\n\t\t","protected":false},"excerpt":{"rendered":"<p>Assol Garcia, Djodje e Soraia Ramos s\u00e3o os artistas mais nomeados da 13\u00aa edi\u00e7\u00e3o dos Cabo Verde Music Awards (CVMA) A lista dos nomeados ao Pr\u00e9mio Oficial da M\u00fasica Cabo Verdiana foi revelada hoje, 19, em Lisboa, no Centro Cultural Cabo Verde, na presen\u00e7a do Ministro da Cultura e das Ind\u00fastrias Criativas, Abra\u00e3o Vicente.31 artistas<br \/><a class=\"moretag\" href=\"https:\/\/radiocomercial.cv\/?p=921\">+ Read More<\/a><\/p>\n","protected":false},"author":1,"featured_media":927,"comment_status":"closed","ping_status":"closed","sticky":false,"template":"","format":"standard","meta":{"footnotes":""},"categories":[6],"tags":[],"class_list":["post-921","post","type-post","status-publish","format-standard","has-post-thumbnail","hentry","category-noticias"],"featured_image_src":"https:\/\/radiocomercial.cv\/wp-content\/uploads\/2024\/04\/CVMA-foto.jpg","featured_image_src_square":"https:\/\/radiocomercial.cv\/wp-content\/uploads\/2024\/04\/CVMA-foto.jpg","author_info":{"display_name":"admin","author_link":"https:\/\/radiocomercial.cv\/?author=1"},"rbea_author_info":{"display_name":"admin","author_link":"https:\/\/radiocomercial.cv\/?author=1"},"rbea_excerpt_info":"Assol Garcia, Djodje e Soraia Ramos s\u00e3o os artistas mais nomeados da 13\u00aa edi\u00e7\u00e3o dos Cabo Verde Music Awards (CVMA) A lista dos nomeados ao Pr\u00e9mio Oficial da M\u00fasica Cabo Verdiana foi revelada hoje, 19, em Lisboa, no Centro Cultural Cabo Verde, na presen\u00e7a do Ministro da Cultura e das Ind\u00fastrias Criativas, Abra\u00e3o Vicente.31 artistas<br><a class=\"moretag\" href=\"https:\/\/radiocomercial.cv\/?p=921\">+ Read More<\/a>","category_list":"<a href=\"https:\/\/radiocomercial.cv\/?cat=6\" rel=\"category\">Noticias<\/a>","comments_num":"0 comments","_links":{"self":[{"href":"https:\/\/radiocomercial.cv\/index.php?rest_route=\/wp\/v2\/posts\/921","targetHints":{"allow":["GET"]}}],"collection":[{"href":"https:\/\/radiocomercial.cv\/index.php?rest_route=\/wp\/v2\/posts"}],"about":[{"href":"https:\/\/radiocomercial.cv\/index.php?rest_route=\/wp\/v2\/types\/post"}],"author":[{"embeddable":true,"href":"https:\/\/radiocomercial.cv\/index.php?rest_route=\/wp\/v2\/users\/1"}],"replies":[{"embeddable":true,"href":"https:\/\/radiocomercial.cv\/index.php?rest_route=%2Fwp%2Fv2%2Fcomments&post=921"}],"version-history":[{"count":8,"href":"https:\/\/radiocomercial.cv\/index.php?rest_route=\/wp\/v2\/posts\/921\/revisions"}],"predecessor-version":[{"id":930,"href":"https:\/\/radiocomercial.cv\/index.php?rest_route=\/wp\/v2\/posts\/921\/revisions\/930"}],"wp:featuredmedia":[{"embeddable":true,"href":"https:\/\/radiocomercial.cv\/index.php?rest_route=\/wp\/v2\/media\/927"}],"wp:attachment":[{"href":"https:\/\/radiocomercial.cv\/index.php?rest_route=%2Fwp%2Fv2%2Fmedia&parent=921"}],"wp:term":[{"taxonomy":"category","embeddable":true,"href":"https:\/\/radiocomercial.cv\/index.php?rest_route=%2Fwp%2Fv2%2Fcategories&post=921"},{"taxonomy":"post_tag","embeddable":true,"href":"https:\/\/radiocomercial.cv\/index.php?rest_route=%2Fwp%2Fv2%2Ftags&post=921"}],"curies":[{"name":"wp","href":"https:\/\/api.w.org\/{rel}","templated":true}]}}