{"id":945,"date":"2024-04-24T12:19:24","date_gmt":"2024-04-24T12:19:24","guid":{"rendered":"https:\/\/radiocomercial.cv\/?p=945"},"modified":"2024-04-24T12:20:00","modified_gmt":"2024-04-24T12:20:00","slug":"ame-2025-vai-acontecer-07-a-10-de-abril","status":"publish","type":"post","link":"https:\/\/radiocomercial.cv\/?p=945","title":{"rendered":"AME 2025 vai acontecer 07 a 10 de Abril"},"content":{"rendered":"\t\t<div data-elementor-type=\"wp-post\" data-elementor-id=\"945\" class=\"elementor elementor-945\" data-elementor-post-type=\"post\">\n\t\t\t\t<div class=\"elementor-element elementor-element-4bbc2c0 e-flex e-con-boxed e-con e-parent\" data-id=\"4bbc2c0\" data-element_type=\"container\" data-settings=\"{&quot;content_width&quot;:&quot;boxed&quot;}\" data-core-v316-plus=\"true\">\n\t\t\t\t\t<div class=\"e-con-inner\">\n\t\t\t\t<div class=\"elementor-element elementor-element-9e3bdf7 elementor-widget elementor-widget-text-editor\" data-id=\"9e3bdf7\" data-element_type=\"widget\" data-widget_type=\"text-editor.default\">\n\t\t\t\t<div class=\"elementor-widget-container\">\n\t\t\t<style>\/*! elementor - v3.19.0 - 07-02-2024 *\/\n.elementor-widget-text-editor.elementor-drop-cap-view-stacked .elementor-drop-cap{background-color:#69727d;color:#fff}.elementor-widget-text-editor.elementor-drop-cap-view-framed .elementor-drop-cap{color:#69727d;border:3px solid;background-color:transparent}.elementor-widget-text-editor:not(.elementor-drop-cap-view-default) .elementor-drop-cap{margin-top:8px}.elementor-widget-text-editor:not(.elementor-drop-cap-view-default) .elementor-drop-cap-letter{width:1em;height:1em}.elementor-widget-text-editor .elementor-drop-cap{float:left;text-align:center;line-height:1;font-size:50px}.elementor-widget-text-editor .elementor-drop-cap-letter{display:inline-block}<\/style>\t\t\t\t<p>O director-geral do Atlantic Music Expo, Gugas Veiga, j\u00e1 anunciou a data para a 11\u00aa edi\u00e7\u00e3o do mercado internacional da m\u00fasica, a realizar-se de 07 a 10 de Abril de 2025 com participa\u00e7\u00e3o de artistas nacionais e internacionais.<\/p><p>Gugas Veiga avan\u00e7ou esta informa\u00e7\u00e3o \u00e0 Inforpress em confer\u00eancia de imprensa no Pal\u00e1cio da Cultura, na Praia, tendo anunciado ainda que tanto o Governo como a C\u00e2mara Municipal da Praia j\u00e1 demonstraram interesse na renova\u00e7\u00e3o contratual para os pr\u00f3ximos cinco anos.<\/p><p>\u201cTemos que agradecer a C\u00e2mara Municipal da Praia pela colabora\u00e7\u00e3o, pelo facto de terem recebido as delega\u00e7\u00f5es, pela presen\u00e7a da guarda municipal que ajudou na seguran\u00e7a e na ordem p\u00fablica, mas tamb\u00e9m porque o presidente j\u00e1 demonstrou interesse em assinar um protocolo plurianual e aumentar a verba\u201d, confirmou, agradecendo igualmente os parceiros envolvidos.<\/p><p>Segundo aquele director, a 10\u00aa edi\u00e7\u00e3o contou com a presen\u00e7a de 141 artistas e m\u00fasicos, sendo 65 internacionais e 76 nacionais oriundos de 14 nacionalidades divididos em 27 actua\u00e7\u00f5es.<\/p><p>O evento teve a presen\u00e7a de quatro delega\u00e7\u00f5es internacionais do Quebec, da C\u00e2mara Municipal de \u00c1gueda, Seychelles e Senegal, sendo que tr\u00eas fizeram encontros bilaterais com a autarquia da Praia, Minist\u00e9rio do Turismo, Minist\u00e9rio da Cultura e a Presid\u00eancia da Rep\u00fablica.<\/p><p>O AME 2024 contou com a presen\u00e7a de 70 jornalistas, sendo 30 internacionais de 19 nacionalidades, 130 convidados e um staff composto por 85 pessoas a trabalhar directamente no evento.<\/p><p>Este ano, o n\u00famero de delegados inscritos aumentou para 517 delegados de entre nacionais e internacionais, avan\u00e7ou Gugas Veiga.<\/p><p>Foram cerca de 140 \u2018one a one meetings\u2019 durante dois dias, que contou com \u201cboa ades\u00e3o\u201d de v\u00e1rios artistas que inclusive, assegurou conseguirem estabelecer contactos e j\u00e1 firmaram compromissos para este e pr\u00f3ximos anos.<\/p><p>Gugas Veiga avan\u00e7ou ainda que, segundo os dados do levantamento das caixas vinti4 da Sociedade Interbanc\u00e1ria e Sistemas de Pagamento (SISP), o AME e o Kriol Jazz Festival movimentaram 1.259.790 contos, um n\u00famero significativo para um investimento de 45 mil contos.<\/p><p>Recorda-se que 26 artistas nacionais e internacionais fizeram parte do cartaz da 10\u00aa edi\u00e7\u00e3o do Atlantic Music Expo, que discorreu este ano sobre o lema \u201cSustentabilidade art\u00edstica\u201d.<\/p>\t\t\t\t\t\t<\/div>\n\t\t\t\t<\/div>\n\t\t\t\t\t<\/div>\n\t\t\t\t<\/div>\n\t\t\t\t<\/div>\n\t\t","protected":false},"excerpt":{"rendered":"<p>O director-geral do Atlantic Music Expo, Gugas Veiga, j\u00e1 anunciou a data para a 11\u00aa edi\u00e7\u00e3o do mercado internacional da m\u00fasica, a realizar-se de 07 a 10 de Abril de 2025 com participa\u00e7\u00e3o de artistas nacionais e internacionais. Gugas Veiga avan\u00e7ou esta informa\u00e7\u00e3o \u00e0 Inforpress em confer\u00eancia de imprensa no Pal\u00e1cio da Cultura, na Praia,<br \/><a class=\"moretag\" href=\"https:\/\/radiocomercial.cv\/?p=945\">+ Read More<\/a><\/p>\n","protected":false},"author":1,"featured_media":946,"comment_status":"closed","ping_status":"closed","sticky":false,"template":"","format":"standard","meta":{"footnotes":""},"categories":[6],"tags":[],"class_list":["post-945","post","type-post","status-publish","format-standard","has-post-thumbnail","hentry","category-noticias"],"featured_image_src":"https:\/\/radiocomercial.cv\/wp-content\/uploads\/2024\/04\/Gugas-Veiga-Director-do-Ame.jpg","featured_image_src_square":"https:\/\/radiocomercial.cv\/wp-content\/uploads\/2024\/04\/Gugas-Veiga-Director-do-Ame.jpg","author_info":{"display_name":"admin","author_link":"https:\/\/radiocomercial.cv\/?author=1"},"rbea_author_info":{"display_name":"admin","author_link":"https:\/\/radiocomercial.cv\/?author=1"},"rbea_excerpt_info":"O director-geral do Atlantic Music Expo, Gugas Veiga, j\u00e1 anunciou a data para a 11\u00aa edi\u00e7\u00e3o do mercado internacional da m\u00fasica, a realizar-se de 07 a 10 de Abril de 2025 com participa\u00e7\u00e3o de artistas nacionais e internacionais. Gugas Veiga avan\u00e7ou esta informa\u00e7\u00e3o \u00e0 Inforpress em confer\u00eancia de imprensa no Pal\u00e1cio da Cultura, na Praia,<br><a class=\"moretag\" href=\"https:\/\/radiocomercial.cv\/?p=945\">+ Read More<\/a>","category_list":"<a href=\"https:\/\/radiocomercial.cv\/?cat=6\" rel=\"category\">Noticias<\/a>","comments_num":"0 comments","_links":{"self":[{"href":"https:\/\/radiocomercial.cv\/index.php?rest_route=\/wp\/v2\/posts\/945","targetHints":{"allow":["GET"]}}],"collection":[{"href":"https:\/\/radiocomercial.cv\/index.php?rest_route=\/wp\/v2\/posts"}],"about":[{"href":"https:\/\/radiocomercial.cv\/index.php?rest_route=\/wp\/v2\/types\/post"}],"author":[{"embeddable":true,"href":"https:\/\/radiocomercial.cv\/index.php?rest_route=\/wp\/v2\/users\/1"}],"replies":[{"embeddable":true,"href":"https:\/\/radiocomercial.cv\/index.php?rest_route=%2Fwp%2Fv2%2Fcomments&post=945"}],"version-history":[{"count":4,"href":"https:\/\/radiocomercial.cv\/index.php?rest_route=\/wp\/v2\/posts\/945\/revisions"}],"predecessor-version":[{"id":950,"href":"https:\/\/radiocomercial.cv\/index.php?rest_route=\/wp\/v2\/posts\/945\/revisions\/950"}],"wp:featuredmedia":[{"embeddable":true,"href":"https:\/\/radiocomercial.cv\/index.php?rest_route=\/wp\/v2\/media\/946"}],"wp:attachment":[{"href":"https:\/\/radiocomercial.cv\/index.php?rest_route=%2Fwp%2Fv2%2Fmedia&parent=945"}],"wp:term":[{"taxonomy":"category","embeddable":true,"href":"https:\/\/radiocomercial.cv\/index.php?rest_route=%2Fwp%2Fv2%2Fcategories&post=945"},{"taxonomy":"post_tag","embeddable":true,"href":"https:\/\/radiocomercial.cv\/index.php?rest_route=%2Fwp%2Fv2%2Ftags&post=945"}],"curies":[{"name":"wp","href":"https:\/\/api.w.org\/{rel}","templated":true}]}}