{"id":951,"date":"2024-04-24T14:12:40","date_gmt":"2024-04-24T14:12:40","guid":{"rendered":"https:\/\/radiocomercial.cv\/?p=951"},"modified":"2024-04-24T14:33:45","modified_gmt":"2024-04-24T14:33:45","slug":"manuel-de-candinho-em-concerto-jazz-verde-duo-em-sao-vicente","status":"publish","type":"post","link":"https:\/\/radiocomercial.cv\/?p=951","title":{"rendered":"Manuel de Candinho em concerto \u201cJazz Verde \u2013 DUO\u201d em S\u00e3o Vicente"},"content":{"rendered":"\t\t<div data-elementor-type=\"wp-post\" data-elementor-id=\"951\" class=\"elementor elementor-951\" data-elementor-post-type=\"post\">\n\t\t\t\t<div class=\"elementor-element elementor-element-787eaf5 e-flex e-con-boxed e-con e-parent\" data-id=\"787eaf5\" data-element_type=\"container\" data-settings=\"{&quot;content_width&quot;:&quot;boxed&quot;}\" data-core-v316-plus=\"true\">\n\t\t\t\t\t<div class=\"e-con-inner\">\n\t\t\t\t<div class=\"elementor-element elementor-element-4b0ed32 elementor-widget elementor-widget-text-editor\" data-id=\"4b0ed32\" data-element_type=\"widget\" data-widget_type=\"text-editor.default\">\n\t\t\t\t<div class=\"elementor-widget-container\">\n\t\t\t<style>\/*! elementor - v3.19.0 - 07-02-2024 *\/\n.elementor-widget-text-editor.elementor-drop-cap-view-stacked .elementor-drop-cap{background-color:#69727d;color:#fff}.elementor-widget-text-editor.elementor-drop-cap-view-framed .elementor-drop-cap{color:#69727d;border:3px solid;background-color:transparent}.elementor-widget-text-editor:not(.elementor-drop-cap-view-default) .elementor-drop-cap{margin-top:8px}.elementor-widget-text-editor:not(.elementor-drop-cap-view-default) .elementor-drop-cap-letter{width:1em;height:1em}.elementor-widget-text-editor .elementor-drop-cap{float:left;text-align:center;line-height:1;font-size:50px}.elementor-widget-text-editor .elementor-drop-cap-letter{display:inline-block}<\/style>\t\t\t\t<p>O compositor e instrumentista cabo-verdiano Manuel de Candinho (Manel di Candinho) estar\u00e1 em concerto \u201cJazz Verde \u2013 DUO\u201d, no dia 11 de Maio, na ilha de S\u00e3o Vicente.<\/p><p>Neste concerto que ter\u00e1 lugar \u00e0s 21h00, no Centro Cultural do Mindelo, Manel di Candinho estar\u00e1 acompanhado do m\u00fasico Palinh Vieira, avan\u00e7a o Expresso das ilhas online.<\/p><p>Manuel dos Santos Fernandes Pereira conhecido por Manel di Candinho \u00e9 um instrumentista, arranjador, produtor musical e compositor cabo-verdiano. Viveu por quase 30 anos na Holanda antes de regressar a Cabo Verde.<\/p><p>A sua carreira musical foi iniciada em 1978, num agrupamento animador de bailes populares locais. Ainda muito jovem, Manel di Candinho come\u00e7ou a escrever as primeiras composi\u00e7\u00f5es, versando a vida social da \u00e9poca no seu pa\u00eds e algum romantismo.<\/p><p>Com a emigra\u00e7\u00e3o para Portugal, em 1982, encetou a profissionaliza\u00e7\u00e3o na m\u00fasica. Nessa altura, a sua per\u00edcia com a guitarra era j\u00e1 reconhecida, ao ponto de ser considerado um dos principais guitarristas da m\u00fasica cabo-verdiana.<\/p><p>Com v\u00e1rias digress\u00f5es pelos principais palcos de world music do mundo, teve oportunidade de acompanhar gente c\u00e9lebre e atuar a t\u00edtulo pr\u00f3prio, vindo a coordenar artisticamente alguns trabalhos de Bana, Celina Pereira, Ildo Lobo, Djosinha, Titinha, Jorge Sousa, Ces\u00e1ria \u00c9vora e Gard\u00e9nia, entre muitos outros.<\/p><p>Al\u00e9m do trabalho de produ\u00e7\u00e3o, \u00e9 tamb\u00e9m requisitado regularmente como compositor, totalizando algumas dezenas as suas participa\u00e7\u00f5es em discos de outros artistas.<\/p>\t\t\t\t\t\t<\/div>\n\t\t\t\t<\/div>\n\t\t\t\t\t<\/div>\n\t\t\t\t<\/div>\n\t\t\t\t<\/div>\n\t\t","protected":false},"excerpt":{"rendered":"<p>O compositor e instrumentista cabo-verdiano Manuel de Candinho (Manel di Candinho) estar\u00e1 em concerto \u201cJazz Verde \u2013 DUO\u201d, no dia 11 de Maio, na ilha de S\u00e3o Vicente. Neste concerto que ter\u00e1 lugar \u00e0s 21h00, no Centro Cultural do Mindelo, Manel di Candinho estar\u00e1 acompanhado do m\u00fasico Palinh Vieira, avan\u00e7a o Expresso das ilhas online.<br \/><a class=\"moretag\" href=\"https:\/\/radiocomercial.cv\/?p=951\">+ Read More<\/a><\/p>\n","protected":false},"author":1,"featured_media":957,"comment_status":"closed","ping_status":"closed","sticky":false,"template":"","format":"standard","meta":{"footnotes":""},"categories":[6],"tags":[],"class_list":["post-951","post","type-post","status-publish","format-standard","has-post-thumbnail","hentry","category-noticias"],"featured_image_src":"https:\/\/radiocomercial.cv\/wp-content\/uploads\/2024\/04\/Manuel-di-candinho-e-Palinh.jpg","featured_image_src_square":"https:\/\/radiocomercial.cv\/wp-content\/uploads\/2024\/04\/Manuel-di-candinho-e-Palinh.jpg","author_info":{"display_name":"admin","author_link":"https:\/\/radiocomercial.cv\/?author=1"},"rbea_author_info":{"display_name":"admin","author_link":"https:\/\/radiocomercial.cv\/?author=1"},"rbea_excerpt_info":"O compositor e instrumentista cabo-verdiano Manuel de Candinho (Manel di Candinho) estar\u00e1 em concerto \u201cJazz Verde \u2013 DUO\u201d, no dia 11 de Maio, na ilha de S\u00e3o Vicente. Neste concerto que ter\u00e1 lugar \u00e0s 21h00, no Centro Cultural do Mindelo, Manel di Candinho estar\u00e1 acompanhado do m\u00fasico Palinh Vieira, avan\u00e7a o Expresso das ilhas online.<br><a class=\"moretag\" href=\"https:\/\/radiocomercial.cv\/?p=951\">+ Read More<\/a>","category_list":"<a href=\"https:\/\/radiocomercial.cv\/?cat=6\" rel=\"category\">Noticias<\/a>","comments_num":"0 comments","_links":{"self":[{"href":"https:\/\/radiocomercial.cv\/index.php?rest_route=\/wp\/v2\/posts\/951","targetHints":{"allow":["GET"]}}],"collection":[{"href":"https:\/\/radiocomercial.cv\/index.php?rest_route=\/wp\/v2\/posts"}],"about":[{"href":"https:\/\/radiocomercial.cv\/index.php?rest_route=\/wp\/v2\/types\/post"}],"author":[{"embeddable":true,"href":"https:\/\/radiocomercial.cv\/index.php?rest_route=\/wp\/v2\/users\/1"}],"replies":[{"embeddable":true,"href":"https:\/\/radiocomercial.cv\/index.php?rest_route=%2Fwp%2Fv2%2Fcomments&post=951"}],"version-history":[{"count":4,"href":"https:\/\/radiocomercial.cv\/index.php?rest_route=\/wp\/v2\/posts\/951\/revisions"}],"predecessor-version":[{"id":956,"href":"https:\/\/radiocomercial.cv\/index.php?rest_route=\/wp\/v2\/posts\/951\/revisions\/956"}],"wp:featuredmedia":[{"embeddable":true,"href":"https:\/\/radiocomercial.cv\/index.php?rest_route=\/wp\/v2\/media\/957"}],"wp:attachment":[{"href":"https:\/\/radiocomercial.cv\/index.php?rest_route=%2Fwp%2Fv2%2Fmedia&parent=951"}],"wp:term":[{"taxonomy":"category","embeddable":true,"href":"https:\/\/radiocomercial.cv\/index.php?rest_route=%2Fwp%2Fv2%2Fcategories&post=951"},{"taxonomy":"post_tag","embeddable":true,"href":"https:\/\/radiocomercial.cv\/index.php?rest_route=%2Fwp%2Fv2%2Ftags&post=951"}],"curies":[{"name":"wp","href":"https:\/\/api.w.org\/{rel}","templated":true}]}}