{"id":959,"date":"2024-04-25T13:42:16","date_gmt":"2024-04-25T13:42:16","guid":{"rendered":"https:\/\/radiocomercial.cv\/?p=959"},"modified":"2024-04-25T13:43:13","modified_gmt":"2024-04-25T13:43:13","slug":"tarrafal-de-santiago-celebra-hoje-107-anos-da-sua-criacao","status":"publish","type":"post","link":"https:\/\/radiocomercial.cv\/?p=959","title":{"rendered":"Tarrafal de Santiago celebra hoje 107 anos da sua cria\u00e7\u00e3o"},"content":{"rendered":"\t\t<div data-elementor-type=\"wp-post\" data-elementor-id=\"959\" class=\"elementor elementor-959\" data-elementor-post-type=\"post\">\n\t\t\t\t<div class=\"elementor-element elementor-element-49589a9 e-flex e-con-boxed e-con e-parent\" data-id=\"49589a9\" data-element_type=\"container\" data-settings=\"{&quot;content_width&quot;:&quot;boxed&quot;}\" data-core-v316-plus=\"true\">\n\t\t\t\t\t<div class=\"e-con-inner\">\n\t\t\t\t<div class=\"elementor-element elementor-element-731f7a7 elementor-widget elementor-widget-text-editor\" data-id=\"731f7a7\" data-element_type=\"widget\" data-widget_type=\"text-editor.default\">\n\t\t\t\t<div class=\"elementor-widget-container\">\n\t\t\t<style>\/*! elementor - v3.19.0 - 07-02-2024 *\/\n.elementor-widget-text-editor.elementor-drop-cap-view-stacked .elementor-drop-cap{background-color:#69727d;color:#fff}.elementor-widget-text-editor.elementor-drop-cap-view-framed .elementor-drop-cap{color:#69727d;border:3px solid;background-color:transparent}.elementor-widget-text-editor:not(.elementor-drop-cap-view-default) .elementor-drop-cap{margin-top:8px}.elementor-widget-text-editor:not(.elementor-drop-cap-view-default) .elementor-drop-cap-letter{width:1em;height:1em}.elementor-widget-text-editor .elementor-drop-cap{float:left;text-align:center;line-height:1;font-size:50px}.elementor-widget-text-editor .elementor-drop-cap-letter{display:inline-block}<\/style>\t\t\t\t<p><strong>O munic\u00edpio do Tarrafal<\/strong>, no interior da ilha de Santiago, criado em 1917, cujas principais actividades econ\u00f3micas exercidas pela popula\u00e7\u00e3o s\u00e3o a agricultura, a pesca, a pecu\u00e1ria e o turismo, comemora hoje 107 anos da sua cria\u00e7\u00e3o.<\/p><p>De acordo com dados hist\u00f3ricos, o munic\u00edpio do Tarrafal foi criado a 25 de Abril de 1917, atrav\u00e9s do decreto-lei n\u00ba 3108-B de 25 de Abril, provocando a sua desintegra\u00e7\u00e3o do Concelho de Santa Catarina que, at\u00e9 1912, tinha a sua sede na vila do Tarrafal, agrupando as freguesias de Santo Amaro Abade e S\u00e3o Miguel Arcanjo, com sede na vila do Tarrafal.<\/p><p>Esta configura\u00e7\u00e3o administrativa permaneceu at\u00e9 1997, quando foi desmembrado em dois munic\u00edpios, Tarrafal e S\u00e3o Miguel.<\/p><p>O concelho, que tem 112,4 quil\u00f3metros quadrados, conta com 22 localidades, sendo duas urbanas (cidade de Mangue e Ch\u00e3o Bom) e 20 rurais.<\/p><p>\u00c9 na cidade de Mangue que se centram os edif\u00edcios da c\u00e2mara municipal, da Igreja de Nhu Santo Amaro Abade, Esquadra da Pol\u00edcia Nacional, o mercado de artesanato e de cultura, o antigo cinema, a Ba\u00eda Verde e escola secund\u00e1ria, entre outras grandes infraestruturas, avan\u00e7a \u00e0 Inforpress.<\/p><p>O munic\u00edpio tamb\u00e9m alberga o ex-Campo de Concentra\u00e7\u00e3o ou Museu da Resist\u00eancia, e aguarda que o Governo entregue a sua candidatura a Patrim\u00f3nio Mundial da Humanidade, mas j\u00e1 inscrita na lista indicativa dos patrim\u00f3nios da Organiza\u00e7\u00e3o das Na\u00e7\u00f5es Unidas para a Educa\u00e7\u00e3o, a Ci\u00eancia e a Cultura (Unesco).<\/p><p>De acordo com os resultados do Censo 2021 do Instituto Nacional de Estat\u00edstica (INE), o concelho do Tarrafal de Santiago tem actualmente uma popula\u00e7\u00e3o residente de 16.892, sendo 47,6 por cento (%) do sexo masculino e 52,4 % do sexo feminino, representando 6,2% a n\u00edvel da ilha de Santiago e 3,4 % a n\u00edvel de Cabo Verde.<\/p><p>No campo da educa\u00e7\u00e3o, os dados apontam que a taxa de alfabetiza\u00e7\u00e3o \u00e9 de 82, 3% (popula\u00e7\u00e3o de 15 ou mais anos), sendo 89,9% do sexo masculino e 75,7 % do sexo feminino, 57,7% com n\u00edvel b\u00e1sico, 23, 4 % com n\u00edvel secund\u00e1rio, 6,7% n\u00edvel m\u00e9dio\/superior, 8,210% sem n\u00edvel, 3,9 com n\u00edvel pr\u00e9-escolar.<\/p><p>Relativamente ao mercado de trabalho, o INE estima que 51,5% da popula\u00e7\u00e3o de 15 ou mais anos do Tarrafal encontra-se ocupada. A taxa de desemprego \u00e9 estimada em 8%.<\/p><p>Nas condi\u00e7\u00f5es de vida, 82,7% dos 4.829 agregados familiares t\u00eam acesso \u00e0 eletricidade, 15,2% usam vela, 78,2% utilizam a rede p\u00fablica como principal forma de abastecimento de \u00e1gua, 76,4 % t\u00eam acesso \u00e0 casa de banho, 7,5% t\u00eam acesso \u00e0 \u00e1gua atrav\u00e9s de auto-tanque, e 60,0% usam g\u00e1s e 37,2 usam lenha para cozinhar.<\/p><p>No acesso \u00e0s Tecnologias de Informa\u00e7\u00e3o e Comunica\u00e7\u00e3o (TIC), o telefone fixo chega a 7,9% das habita\u00e7\u00f5es, 68,8% t\u00eam televis\u00e3o, 29,0% t\u00eam televis\u00e3o por assinatura, 18,2% t\u00eam computador, e 66% usam Internet no alojamento.<\/p><p>Para celebrar a efem\u00e9ride a Assembleia Municipal do Tarrafal vai realizar hoje uma sess\u00e3o solene, que ter\u00e1 lugar no Mercado de Artesanato e Cultura, com in\u00edcio \u00e0s 10:00.<\/p><p>O acto, que vai ser presidido pelo ministro do Mar, Abra\u00e3o Vicente, vai contar com discursos dos presidentes da C\u00e2mara e da Assembleia Municipais, e dos l\u00edderes das tr\u00eas bancadas (PAICV, MIT e MpD).<\/p><p>Igualmente, este governante vai presidir ao ato de lan\u00e7amento do Selo 50 anos de 25 de Abril e da Democracia nesta quinta-feira, 25 de Abril, pelas 14h30, no Campo Concentra\u00e7\u00e3o.<\/p>\t\t\t\t\t\t<\/div>\n\t\t\t\t<\/div>\n\t\t\t\t\t<\/div>\n\t\t\t\t<\/div>\n\t\t\t\t<\/div>\n\t\t","protected":false},"excerpt":{"rendered":"<p>O munic\u00edpio do Tarrafal, no interior da ilha de Santiago, criado em 1917, cujas principais actividades econ\u00f3micas exercidas pela popula\u00e7\u00e3o s\u00e3o a agricultura, a pesca, a pecu\u00e1ria e o turismo, comemora hoje 107 anos da sua cria\u00e7\u00e3o. De acordo com dados hist\u00f3ricos, o munic\u00edpio do Tarrafal foi criado a 25 de Abril de 1917, atrav\u00e9s<br \/><a class=\"moretag\" href=\"https:\/\/radiocomercial.cv\/?p=959\">+ Read More<\/a><\/p>\n","protected":false},"author":1,"featured_media":960,"comment_status":"closed","ping_status":"closed","sticky":false,"template":"","format":"standard","meta":{"footnotes":""},"categories":[6],"tags":[],"class_list":["post-959","post","type-post","status-publish","format-standard","has-post-thumbnail","hentry","category-noticias"],"featured_image_src":"https:\/\/radiocomercial.cv\/wp-content\/uploads\/2024\/04\/Tarrafal-de-Santiago.jpg","featured_image_src_square":"https:\/\/radiocomercial.cv\/wp-content\/uploads\/2024\/04\/Tarrafal-de-Santiago.jpg","author_info":{"display_name":"admin","author_link":"https:\/\/radiocomercial.cv\/?author=1"},"rbea_author_info":{"display_name":"admin","author_link":"https:\/\/radiocomercial.cv\/?author=1"},"rbea_excerpt_info":"O munic\u00edpio do Tarrafal, no interior da ilha de Santiago, criado em 1917, cujas principais actividades econ\u00f3micas exercidas pela popula\u00e7\u00e3o s\u00e3o a agricultura, a pesca, a pecu\u00e1ria e o turismo, comemora hoje 107 anos da sua cria\u00e7\u00e3o. De acordo com dados hist\u00f3ricos, o munic\u00edpio do Tarrafal foi criado a 25 de Abril de 1917, atrav\u00e9s<br><a class=\"moretag\" href=\"https:\/\/radiocomercial.cv\/?p=959\">+ Read More<\/a>","category_list":"<a href=\"https:\/\/radiocomercial.cv\/?cat=6\" rel=\"category\">Noticias<\/a>","comments_num":"0 comments","_links":{"self":[{"href":"https:\/\/radiocomercial.cv\/index.php?rest_route=\/wp\/v2\/posts\/959","targetHints":{"allow":["GET"]}}],"collection":[{"href":"https:\/\/radiocomercial.cv\/index.php?rest_route=\/wp\/v2\/posts"}],"about":[{"href":"https:\/\/radiocomercial.cv\/index.php?rest_route=\/wp\/v2\/types\/post"}],"author":[{"embeddable":true,"href":"https:\/\/radiocomercial.cv\/index.php?rest_route=\/wp\/v2\/users\/1"}],"replies":[{"embeddable":true,"href":"https:\/\/radiocomercial.cv\/index.php?rest_route=%2Fwp%2Fv2%2Fcomments&post=959"}],"version-history":[{"count":4,"href":"https:\/\/radiocomercial.cv\/index.php?rest_route=\/wp\/v2\/posts\/959\/revisions"}],"predecessor-version":[{"id":964,"href":"https:\/\/radiocomercial.cv\/index.php?rest_route=\/wp\/v2\/posts\/959\/revisions\/964"}],"wp:featuredmedia":[{"embeddable":true,"href":"https:\/\/radiocomercial.cv\/index.php?rest_route=\/wp\/v2\/media\/960"}],"wp:attachment":[{"href":"https:\/\/radiocomercial.cv\/index.php?rest_route=%2Fwp%2Fv2%2Fmedia&parent=959"}],"wp:term":[{"taxonomy":"category","embeddable":true,"href":"https:\/\/radiocomercial.cv\/index.php?rest_route=%2Fwp%2Fv2%2Fcategories&post=959"},{"taxonomy":"post_tag","embeddable":true,"href":"https:\/\/radiocomercial.cv\/index.php?rest_route=%2Fwp%2Fv2%2Ftags&post=959"}],"curies":[{"name":"wp","href":"https:\/\/api.w.org\/{rel}","templated":true}]}}