{"id":988,"date":"2024-04-30T12:32:15","date_gmt":"2024-04-30T12:32:15","guid":{"rendered":"https:\/\/radiocomercial.cv\/?p=988"},"modified":"2024-04-30T12:33:04","modified_gmt":"2024-04-30T12:33:04","slug":"michel-montrond-lanca-novo-single-kamin-di-bida","status":"publish","type":"post","link":"https:\/\/radiocomercial.cv\/?p=988","title":{"rendered":"Michel Montrond lan\u00e7a novo single \u201ckamin di bida\u201d"},"content":{"rendered":"\t\t<div data-elementor-type=\"wp-post\" data-elementor-id=\"988\" class=\"elementor elementor-988\" data-elementor-post-type=\"post\">\n\t\t\t\t<div class=\"elementor-element elementor-element-dc0c0e5 e-flex e-con-boxed e-con e-parent\" data-id=\"dc0c0e5\" data-element_type=\"container\" data-settings=\"{&quot;content_width&quot;:&quot;boxed&quot;}\" data-core-v316-plus=\"true\">\n\t\t\t\t\t<div class=\"e-con-inner\">\n\t\t\t\t<div class=\"elementor-element elementor-element-e58dfa0 elementor-widget elementor-widget-text-editor\" data-id=\"e58dfa0\" data-element_type=\"widget\" data-widget_type=\"text-editor.default\">\n\t\t\t\t<div class=\"elementor-widget-container\">\n\t\t\t<style>\/*! elementor - v3.19.0 - 07-02-2024 *\/\n.elementor-widget-text-editor.elementor-drop-cap-view-stacked .elementor-drop-cap{background-color:#69727d;color:#fff}.elementor-widget-text-editor.elementor-drop-cap-view-framed .elementor-drop-cap{color:#69727d;border:3px solid;background-color:transparent}.elementor-widget-text-editor:not(.elementor-drop-cap-view-default) .elementor-drop-cap{margin-top:8px}.elementor-widget-text-editor:not(.elementor-drop-cap-view-default) .elementor-drop-cap-letter{width:1em;height:1em}.elementor-widget-text-editor .elementor-drop-cap{float:left;text-align:center;line-height:1;font-size:50px}.elementor-widget-text-editor .elementor-drop-cap-letter{display:inline-block}<\/style>\t\t\t\t<p>O artista natural da ilha do Fogo, Michel Montrond, tem j\u00e1 dispon\u00edvel nas plataformas digitais o seu mais recente single intitulado \u201ckamin di bida\u201d, o primeiro de avan\u00e7o do seu pr\u00f3ximo disco que ser\u00e1 lan\u00e7ado muito em breve.<\/p><p>&#8220;Kamin di Bida&#8221;, segundo um comunicado de imprensa enviado \u00e0 R\u00e1dio Comercial, \u00e9 uma reflex\u00e3o do povo Cabo-verdiano que sempre est\u00e1 \u00e0 procura de algo melhor trabalhando arduamente, espelhando principalmente na sua vida.<\/p><p>\u201cKamin di Bida\u201d \u00e9 uma forma de inspirar o povo cabo-verdiano, com a mensagem de que mesmo estando no fundo do po\u00e7o, nunca se deve desistir\u201d, l\u00ea-se no documento.<\/p><p>A mesma fonte destaca ainda a sua resili\u00eancia enquanto chefe-de-fam\u00edlia e as decis\u00f5es que teve de tomar em rela\u00e7\u00e3o \u00e0 m\u00fasica para que pudesse chegar onde est\u00e1 neste momento e preparar o seu retorno para o mundo da m\u00fasica.<\/p><p>Recorda-se que Michel Montrond nasceu em Est\u00e2ncia Roque, Santa Catarina, ilha do Fogo, em 1981. Desde a tenra idade que a m\u00fasica faz parte da sua vida. Em 2012, uma composi\u00e7\u00e3o sua cai no agrado do p\u00fablico, primeiro ao ser interpretado num concurso talento na capital do pa\u00eds, que p\u00f4s Cabo Verde a cantarolar o refr\u00e3o de \u201cMi so ki fica li\u201d. Depois com a primeira faixa do \u00faltimo disco \u201cKamin di Bedju\u201d.<\/p><p>Link da m\u00fasica: <a href=\"https:\/\/www.youtube.com\/watch?v=jdYffG-9MDw\">https:\/\/www.youtube.com\/watch?v=jdYffG-9MDw<\/a><\/p><p>\u00a0<\/p>\t\t\t\t\t\t<\/div>\n\t\t\t\t<\/div>\n\t\t\t\t\t<\/div>\n\t\t\t\t<\/div>\n\t\t\t\t<\/div>\n\t\t","protected":false},"excerpt":{"rendered":"<p>O artista natural da ilha do Fogo, Michel Montrond, tem j\u00e1 dispon\u00edvel nas plataformas digitais o seu mais recente single intitulado \u201ckamin di bida\u201d, o primeiro de avan\u00e7o do seu pr\u00f3ximo disco que ser\u00e1 lan\u00e7ado muito em breve. &#8220;Kamin di Bida&#8221;, segundo um comunicado de imprensa enviado \u00e0 R\u00e1dio Comercial, \u00e9 uma reflex\u00e3o do povo<br \/><a class=\"moretag\" href=\"https:\/\/radiocomercial.cv\/?p=988\">+ Read More<\/a><\/p>\n","protected":false},"author":1,"featured_media":989,"comment_status":"closed","ping_status":"closed","sticky":false,"template":"","format":"standard","meta":{"footnotes":""},"categories":[6],"tags":[],"class_list":["post-988","post","type-post","status-publish","format-standard","has-post-thumbnail","hentry","category-noticias"],"featured_image_src":"https:\/\/radiocomercial.cv\/wp-content\/uploads\/2024\/04\/MICHEL-MONTROND-scaled.jpg","featured_image_src_square":"https:\/\/radiocomercial.cv\/wp-content\/uploads\/2024\/04\/MICHEL-MONTROND-scaled.jpg","author_info":{"display_name":"admin","author_link":"https:\/\/radiocomercial.cv\/?author=1"},"rbea_author_info":{"display_name":"admin","author_link":"https:\/\/radiocomercial.cv\/?author=1"},"rbea_excerpt_info":"O artista natural da ilha do Fogo, Michel Montrond, tem j\u00e1 dispon\u00edvel nas plataformas digitais o seu mais recente single intitulado \u201ckamin di bida\u201d, o primeiro de avan\u00e7o do seu pr\u00f3ximo disco que ser\u00e1 lan\u00e7ado muito em breve. &#8220;Kamin di Bida&#8221;, segundo um comunicado de imprensa enviado \u00e0 R\u00e1dio Comercial, \u00e9 uma reflex\u00e3o do povo<br><a class=\"moretag\" href=\"https:\/\/radiocomercial.cv\/?p=988\">+ Read More<\/a>","category_list":"<a href=\"https:\/\/radiocomercial.cv\/?cat=6\" rel=\"category\">Noticias<\/a>","comments_num":"0 comments","_links":{"self":[{"href":"https:\/\/radiocomercial.cv\/index.php?rest_route=\/wp\/v2\/posts\/988","targetHints":{"allow":["GET"]}}],"collection":[{"href":"https:\/\/radiocomercial.cv\/index.php?rest_route=\/wp\/v2\/posts"}],"about":[{"href":"https:\/\/radiocomercial.cv\/index.php?rest_route=\/wp\/v2\/types\/post"}],"author":[{"embeddable":true,"href":"https:\/\/radiocomercial.cv\/index.php?rest_route=\/wp\/v2\/users\/1"}],"replies":[{"embeddable":true,"href":"https:\/\/radiocomercial.cv\/index.php?rest_route=%2Fwp%2Fv2%2Fcomments&post=988"}],"version-history":[{"count":4,"href":"https:\/\/radiocomercial.cv\/index.php?rest_route=\/wp\/v2\/posts\/988\/revisions"}],"predecessor-version":[{"id":993,"href":"https:\/\/radiocomercial.cv\/index.php?rest_route=\/wp\/v2\/posts\/988\/revisions\/993"}],"wp:featuredmedia":[{"embeddable":true,"href":"https:\/\/radiocomercial.cv\/index.php?rest_route=\/wp\/v2\/media\/989"}],"wp:attachment":[{"href":"https:\/\/radiocomercial.cv\/index.php?rest_route=%2Fwp%2Fv2%2Fmedia&parent=988"}],"wp:term":[{"taxonomy":"category","embeddable":true,"href":"https:\/\/radiocomercial.cv\/index.php?rest_route=%2Fwp%2Fv2%2Fcategories&post=988"},{"taxonomy":"post_tag","embeddable":true,"href":"https:\/\/radiocomercial.cv\/index.php?rest_route=%2Fwp%2Fv2%2Ftags&post=988"}],"curies":[{"name":"wp","href":"https:\/\/api.w.org\/{rel}","templated":true}]}}