{"id":994,"date":"2024-04-30T13:51:40","date_gmt":"2024-04-30T13:51:40","guid":{"rendered":"https:\/\/radiocomercial.cv\/?p=994"},"modified":"2024-04-30T13:52:38","modified_gmt":"2024-04-30T13:52:38","slug":"diogo-picarra-e-convidado-especial-dos-cvma-2024","status":"publish","type":"post","link":"https:\/\/radiocomercial.cv\/?p=994","title":{"rendered":"Diogo Pi\u00e7arra \u00e9 convidado especial dos CVMA 2024"},"content":{"rendered":"\t\t<div data-elementor-type=\"wp-post\" data-elementor-id=\"994\" class=\"elementor elementor-994\" data-elementor-post-type=\"post\">\n\t\t\t\t<div class=\"elementor-element elementor-element-e1afcf2 e-flex e-con-boxed e-con e-parent\" data-id=\"e1afcf2\" data-element_type=\"container\" data-settings=\"{&quot;content_width&quot;:&quot;boxed&quot;}\" data-core-v316-plus=\"true\">\n\t\t\t\t\t<div class=\"e-con-inner\">\n\t\t\t\t<div class=\"elementor-element elementor-element-189ef02 elementor-widget elementor-widget-text-editor\" data-id=\"189ef02\" data-element_type=\"widget\" data-widget_type=\"text-editor.default\">\n\t\t\t\t<div class=\"elementor-widget-container\">\n\t\t\t<style>\/*! elementor - v3.19.0 - 07-02-2024 *\/\n.elementor-widget-text-editor.elementor-drop-cap-view-stacked .elementor-drop-cap{background-color:#69727d;color:#fff}.elementor-widget-text-editor.elementor-drop-cap-view-framed .elementor-drop-cap{color:#69727d;border:3px solid;background-color:transparent}.elementor-widget-text-editor:not(.elementor-drop-cap-view-default) .elementor-drop-cap{margin-top:8px}.elementor-widget-text-editor:not(.elementor-drop-cap-view-default) .elementor-drop-cap-letter{width:1em;height:1em}.elementor-widget-text-editor .elementor-drop-cap{float:left;text-align:center;line-height:1;font-size:50px}.elementor-widget-text-editor .elementor-drop-cap-letter{display:inline-block}<\/style>\t\t\t\t<p>O artista portugu\u00eas Diogo Pi\u00e7arra \u00e9 o quinto artista convidado especial da 13\u00aa edi\u00e7\u00e3o dos Cabo Verde Music Awards (CVMA), que acontece no dia 1 de Junho, no Porto da Cidade da Praia.<\/p><p>Al\u00e9m de Diogo Pi\u00e7arra, os CVMA 2024 t\u00eam tamb\u00e9m como convidados especiais, j\u00e1 anunciados, Jimmy P., Neyna, Nancy Vieira e Beto Dias.<\/p><p>Segundo a organiza\u00e7\u00e3o, Diogo Pi\u00e7arra \u00e9 um dos maiores nomes da nova gera\u00e7\u00e3o musical de Portugal. \u201cCampe\u00e3o dos tops, detentor de v\u00e1rios discos de platina e um dos mais populares artistas da m\u00fasica portuguesa\u201d.<\/p><p>A mesma fonte destacou que o cantor, compositor, autor, m\u00fasico e produtor alcan\u00e7ou o estrelato com o seu \u00e1lbum de estreia \u201cEspelho\u201d. Disco com o qual chegou ao 1\u00ba lugar da tabela de vendas, disco de ouro e disco de platina.<\/p><p>\u201cRepetiu a fa\u00e7anha em 2017 com o segundo disco `do=s`, que lhe valeu a presen\u00e7a em importantes palcos e festivais como o Rock In Rio Lisboa, MEO Sudoeste, MEO Mar\u00e9s Vivas e Festival F\u201d, real\u00e7a.<\/p><p>Conforme indicou a partir de ent\u00e3o assume-se como um dos mais promissores e talentosos m\u00fasicos portugueses da atualidade. Pelo meio, Diogo Pi\u00e7arra criou la\u00e7os e amizade com outros artistas como Karetus, Jimmy P, Ana Bacalhau, Agir, Carolina Deslandes e Lhast, com quem partilha temas nos quais participa como autor, produtor ou int\u00e9rprete.<\/p><p>Diogo Pi\u00e7arra tem tamb\u00e9m colabora\u00e7\u00f5es com os artistas internacionais, tais como os espanh\u00f3is Ant\u00f3nio Jos\u00e9, Miriam Rodriguez, Pol Granch, Sabela, e os brasileiros Vit\u00e3o, Anitta, J\u00e3o e Vitor Kley.<\/p><p>De destacar, o dueto que fez com Vitor Kley, \u201cNada \u00c9 Para Sempre\u201d, que conta com mais de 2,5 milh\u00f5es de visualiza\u00e7\u00f5es no YouTube e mais de 3,6 milh\u00f5es de audi\u00e7\u00f5es no Spotify.<\/p><p>Em 2022, lan\u00e7a \u201cSorriso\u201d, um single pop electr\u00f3nico que tem uma recep\u00e7\u00e3o estrondosa, conseguindo airplay simult\u00e2neo em todas as r\u00e1dios nacionais, Top 200 do Spotify e serve de banda sonora a uma campanha do McDonalds.<\/p><p>Em 2022, na era p\u00f3s pandemia esgotou o Altice Arena, a maior sala de espect\u00e1culos de Portugal. Faz tamb\u00e9m um tour internacional por Londres, Paris e Luxemburgo.<\/p><p>2024 come\u00e7ou com novo disco, \u201cSNTMNTL\u201d, cujos singles j\u00e1 figuram no top de v\u00e1rias r\u00e1dios.<\/p>\t\t\t\t\t\t<\/div>\n\t\t\t\t<\/div>\n\t\t\t\t\t<\/div>\n\t\t\t\t<\/div>\n\t\t\t\t<\/div>\n\t\t","protected":false},"excerpt":{"rendered":"<p>O artista portugu\u00eas Diogo Pi\u00e7arra \u00e9 o quinto artista convidado especial da 13\u00aa edi\u00e7\u00e3o dos Cabo Verde Music Awards (CVMA), que acontece no dia 1 de Junho, no Porto da Cidade da Praia. Al\u00e9m de Diogo Pi\u00e7arra, os CVMA 2024 t\u00eam tamb\u00e9m como convidados especiais, j\u00e1 anunciados, Jimmy P., Neyna, Nancy Vieira e Beto Dias.<br \/><a class=\"moretag\" href=\"https:\/\/radiocomercial.cv\/?p=994\">+ Read More<\/a><\/p>\n","protected":false},"author":1,"featured_media":995,"comment_status":"closed","ping_status":"closed","sticky":false,"template":"","format":"standard","meta":{"footnotes":""},"categories":[6],"tags":[],"class_list":["post-994","post","type-post","status-publish","format-standard","has-post-thumbnail","hentry","category-noticias"],"featured_image_src":"https:\/\/radiocomercial.cv\/wp-content\/uploads\/2024\/04\/Convidado-Especial-1.png","featured_image_src_square":"https:\/\/radiocomercial.cv\/wp-content\/uploads\/2024\/04\/Convidado-Especial-1.png","author_info":{"display_name":"admin","author_link":"https:\/\/radiocomercial.cv\/?author=1"},"rbea_author_info":{"display_name":"admin","author_link":"https:\/\/radiocomercial.cv\/?author=1"},"rbea_excerpt_info":"O artista portugu\u00eas Diogo Pi\u00e7arra \u00e9 o quinto artista convidado especial da 13\u00aa edi\u00e7\u00e3o dos Cabo Verde Music Awards (CVMA), que acontece no dia 1 de Junho, no Porto da Cidade da Praia. Al\u00e9m de Diogo Pi\u00e7arra, os CVMA 2024 t\u00eam tamb\u00e9m como convidados especiais, j\u00e1 anunciados, Jimmy P., Neyna, Nancy Vieira e Beto Dias.<br><a class=\"moretag\" href=\"https:\/\/radiocomercial.cv\/?p=994\">+ Read More<\/a>","category_list":"<a href=\"https:\/\/radiocomercial.cv\/?cat=6\" rel=\"category\">Noticias<\/a>","comments_num":"0 comments","_links":{"self":[{"href":"https:\/\/radiocomercial.cv\/index.php?rest_route=\/wp\/v2\/posts\/994","targetHints":{"allow":["GET"]}}],"collection":[{"href":"https:\/\/radiocomercial.cv\/index.php?rest_route=\/wp\/v2\/posts"}],"about":[{"href":"https:\/\/radiocomercial.cv\/index.php?rest_route=\/wp\/v2\/types\/post"}],"author":[{"embeddable":true,"href":"https:\/\/radiocomercial.cv\/index.php?rest_route=\/wp\/v2\/users\/1"}],"replies":[{"embeddable":true,"href":"https:\/\/radiocomercial.cv\/index.php?rest_route=%2Fwp%2Fv2%2Fcomments&post=994"}],"version-history":[{"count":4,"href":"https:\/\/radiocomercial.cv\/index.php?rest_route=\/wp\/v2\/posts\/994\/revisions"}],"predecessor-version":[{"id":999,"href":"https:\/\/radiocomercial.cv\/index.php?rest_route=\/wp\/v2\/posts\/994\/revisions\/999"}],"wp:featuredmedia":[{"embeddable":true,"href":"https:\/\/radiocomercial.cv\/index.php?rest_route=\/wp\/v2\/media\/995"}],"wp:attachment":[{"href":"https:\/\/radiocomercial.cv\/index.php?rest_route=%2Fwp%2Fv2%2Fmedia&parent=994"}],"wp:term":[{"taxonomy":"category","embeddable":true,"href":"https:\/\/radiocomercial.cv\/index.php?rest_route=%2Fwp%2Fv2%2Fcategories&post=994"},{"taxonomy":"post_tag","embeddable":true,"href":"https:\/\/radiocomercial.cv\/index.php?rest_route=%2Fwp%2Fv2%2Ftags&post=994"}],"curies":[{"name":"wp","href":"https:\/\/api.w.org\/{rel}","templated":true}]}}